{"id":14942,"date":"2019-08-15T10:25:58","date_gmt":"2019-08-15T08:25:58","guid":{"rendered":"https:\/\/www.bett1.de\/infoportal\/?p=14942"},"modified":"2026-04-07T12:20:45","modified_gmt":"2026-04-07T10:20:45","slug":"das-sandmaennchen-bringt-traeume","status":"publish","type":"post","link":"https:\/\/www.bett1.de\/infoportal\/schlafgeschichten\/das-sandmaennchen-bringt-traeume","title":{"rendered":"Das Sandm\u00e4nnchen bringt die Tr\u00e4ume"},"content":{"rendered":"\n<div class=\"wp-block-buttons is-layout-flex wp-block-buttons-is-layout-flex\">\n<div class=\"wp-block-button\"><a class=\"wp-block-button__link wp-element-button\" href=\"https:\/\/www.bett1.de\/produkte\/superbreeze-kindermatratze\">Kindermatratze f\u00fcr s\u00fc\u00dfe Tr\u00e4ume<\/a><\/div>\n<\/div>\n\n\n\n<p>Das Sandm\u00e4nnchen streut allabendlich seinen Sand und bringt Millionen Kindern sch\u00f6ne Tr\u00e4ume. Doch das war nicht immer so. Die Tradition des Sandmanns l\u00e4sst sich bis in die Antike zur\u00fcckverfolgen. Im Laufe der Jahrhunderte durchlebte der Sandmann eine Wandlung, die vor sechzig Jahren in einem kleinen M\u00e4nnchen mit Zipfelm\u00fctze und Bart m\u00fcndete. Ein kleiner Abendgru\u00df zur Geschichte der antiken Traumg\u00f6tter, \u00fcber den Sandmann E. T. A. Hoffmanns als grausige Schreckgestalt bis hin zum kalten Krieg der Gute-Nacht-Geschichten f\u00fcr Kinder und der Spaltung des freundlichen Schlafbringers in ostdeutsches und westdeutsches Sandm\u00e4nnchen.<br><\/p>\n\n\n<nav id=\"sommaire-article\"><a href=\"#vom-gott-des-schlafes-bis-zum-sandmaennchen\" class=\"title_lvl2\"><span class=\"title_lvl\">1. <\/span>Vom Gott des Schlafes bis zum Sandm\u00e4nnchen<\/a><a href=\"#sandmann-e-t-a-hoffmann-schreckgestalt-mit-sandsack\" class=\"title_lvl2\"><span class=\"title_lvl\">2. <\/span>Sandmann E.T.A. Hoffmann \u2013 Schreckgestalt mit Sandsack<\/a><a href=\"#der-sandmann-bringt-die-kinder-zu-bett\" class=\"title_lvl2\"><span class=\"title_lvl\">3. <\/span>Der Sandmann bringt die Kinder zu Bett<\/a><a href=\"#das-sandmaennchen-und-der-abendgruss\" class=\"title_lvl2\"><span class=\"title_lvl\">4. <\/span>Das Sandm\u00e4nnchen und der Abendgru\u00df<\/a><a href=\"#der-sandmann-als-rahmen-fuer-die-gutenachtgeschichte\" class=\"title_lvl2\"><span class=\"title_lvl\">5. <\/span>Der Sandmann als Rahmen f\u00fcr die Gutenachtgeschichte<\/a><a href=\"#westdeutsches-sandmaennchen-vs-ostdeutsches-sandmaennchen\" class=\"title_lvl2\"><span class=\"title_lvl\">6. <\/span>Westdeutsches Sandm\u00e4nnchen vs. ostdeutsches Sandm\u00e4nnchen<\/a><a href=\"#die-verhinderung-des-sandmaennchen-ruhestands\" class=\"title_lvl2\"><span class=\"title_lvl\">7. <\/span>Die Verhinderung des Sandm\u00e4nnchen-Ruhestands<\/a><a href=\"#das-sandmaennchen-feiert-60-geburtstag\" class=\"title_lvl2\"><span class=\"title_lvl\">8. <\/span>Das Sandm\u00e4nnchen feiert 60. Geburtstag<\/a><a href=\"#wann-und-wo-kommt-das-sandmaennchen\" class=\"title_lvl3\"><span class=\"title_lvl\">8.1. <\/span>Wann und wo kommt das Sandm\u00e4nnchen?<\/a><a href=\"#welches-sandmaennchen-war-zuerst-da\" class=\"title_lvl3\"><span class=\"title_lvl\">8.2. <\/span>Welches Sandm\u00e4nnchen war zuerst da?<\/a><a href=\"#was-kommt-beim-sandmaennchen\" class=\"title_lvl3\"><span class=\"title_lvl\">8.3. <\/span>Was kommt beim Sandm\u00e4nnchen?<\/a><\/nav>\n\n\n\n<h2 class=\"wp-block-heading\" id=\"h-vom-gott-des-schlafes-bis-zum-sandmannchen\">Vom Gott des Schlafes bis zum Sandm\u00e4nnchen<\/h2>\n\n\n\n<h2 class=\"wp-block-heading\" id=\"h-\"><img decoding=\"async\" class=\"alignnone wp-image-21277 size-full\" src=\"https:\/\/storage.googleapis.com\/bett1-328410-infoportal-prod-de\/2019\/08\/bett1-sandmaennchen_gott_des_schlafes-1.png\" alt=\"Illustration: Die Oneiroi, der Schwarm der Traumg\u00f6tter, bestehend aus einer gefl\u00fcgelten Gestalt, deren Gesicht ein Strudel ist, einer Schlange mit Eberz\u00e4hnen und einem Gebirge mit Gesicht.\" width=\"1024\" height=\"374\" srcset=\"https:\/\/static.bett1.de\/2019\/08\/bett1-sandmaennchen_gott_des_schlafes-1.png 1024w, https:\/\/static.bett1.de\/2019\/08\/bett1-sandmaennchen_gott_des_schlafes-1-300x110.png 300w, https:\/\/static.bett1.de\/2019\/08\/bett1-sandmaennchen_gott_des_schlafes-1-768x281.png 768w\" sizes=\"(max-width: 1024px) 100vw, 1024px\" \/><\/h2>\n\n\n\n<p>Bereits in der griechischen Mythologie ist die Rede von den Oneiroi, der Verk\u00f6rperung des Tr\u00e4umens in G\u00f6ttergestalt. Die Menschen glaubten damals, dass die G\u00f6tter Phobetor, Phantasos und Morpheus f\u00fcr das Tr\u00e4umen verantwortlich waren und die Tr\u00e4ume nutzten, um Botschaften zu \u00fcberbringen. Diese Traumg\u00f6tter sind eng mit Hypnos, dem <a href=\"https:\/\/www.bett1.de\/infoportal\/schlafgeschichten\/hypnos-der-griechische-gott-des-schlafes\">Gott des Schlafes<\/a>, verbunden. Mit Mohnzweig und Schlummerhorn brachte er Nacht f\u00fcr Nacht den Schlaf und ebenso die Tr\u00e4ume. Hypnos und die Oneiroi stellen eine fr\u00fche Form des Sandm\u00e4nnchens dar.<\/p>\n\n\n\n<p>Etwa zur selben Zeit glaubten die Germanen daran, dass der Schlaf und der Tod Geschwister seien. Verwunderlich ist das nicht, \u00e4hnelt sich doch beides, \u00e4u\u00dferlich betrachtet. Sowohl der Schlaf als auch der Tod wurden als Sandmann \u2013 im Sinne von Sendbote, einem g\u00f6ttlichen Gesandten \u2013 bezeichnet und liefern damit eine erste Wortherkunft.<\/p>\n\n\n\n<p>Im heutigen K\u00e4rnten, \u00d6sterreich, wird das Sandm\u00e4nnchen mit dem von den Kelten verehrten Genius cucullatus in Verbindung gebracht. Dieser Schutzgeist mit Kapuzenmantel stand f\u00fcr guten Schlaf und gesundes Augenlicht, konnte helfen und heilen, aber auch Unheil bringen. Der Name Sandm\u00e4nnchen leitete sich in diesem Zusammenhang aus der Ortschaft St. Georgen am Sandhof und der Gestalt des Kapuzenm\u00e4nnchens ab.<\/p>\n\n\n\n<h2 class=\"wp-block-heading\" id=\"h-sandmann-e-t-a-hoffmann-schreckgestalt-mit-sandsack\">Sandmann E.T.A. Hoffmann \u2013 Schreckgestalt mit Sandsack<\/h2>\n\n\n<div class=\"wp-block-image\">\n<figure class=\"alignright\"><img decoding=\"async\" width=\"300\" height=\"289\" src=\"https:\/\/storage.googleapis.com\/bett1-328410-infoportal-prod-de\/2019\/08\/bett1-sandmaennchen_E_T_A_Hoffmans_Sandmann-300x289.png\" alt=\"Historische Darstellung vom Sandmann: Ein Mann in Gehrock mit Gehstock und monster\u00e4hnlichen Gesichtsz\u00fcgen steht vor einem freundlich l\u00e4chelndem Mann in Kutte, der sich leicht verbeugt. Im Hintergrund ist ein ver\u00e4ngstigtes Kind in einer Wiege angedeutet.\" class=\"wp-image-21278\" srcset=\"https:\/\/static.bett1.de\/2019\/08\/bett1-sandmaennchen_E_T_A_Hoffmans_Sandmann-300x289.png 300w, https:\/\/static.bett1.de\/2019\/08\/bett1-sandmaennchen_E_T_A_Hoffmans_Sandmann.png 450w\" sizes=\"(max-width: 300px) 100vw, 300px\" \/><\/figure>\n<\/div>\n\n\n<p>In der j\u00fcngeren Geschichte, beeinflusst von den Mythen und Legenden der Vorzeit, wandelte sich der Sandmann zu einer gruseligen Figur. Nachtbock, Nachtkrabb oder Bummelux sind nur einige der regional unterschiedlichen Bezeichnungen f\u00fcr ein und denselben Kinderschreck. Der Sandmann in E. T. A. Hoffmanns gleichnamigem Roman spiegelt die Vorstellung der b\u00f6sartigen Gestalt dieser Zeit wider. E. T. A. Hoffmanns Sandmann ist ein Monster, das Kindern, die nicht schlafen wollen, Sand in die Augen wirft, in seinen Sack steckt und mitnimmt. Solche und andere Schauergeschichten erz\u00e4hlten Eltern ihren Kindern, damit sie abends bereitwillig zu Bett gingen.<\/p>\n\n\n\n<h2 class=\"wp-block-heading\" id=\"h-der-sandmann-bringt-die-kinder-zu-bett\">Der Sandmann bringt die Kinder zu Bett<\/h2>\n\n\n\n<h2 class=\"wp-block-heading\" id=\"h-\"><img decoding=\"async\" class=\"alignnone wp-image-21282 size-full\" src=\"https:\/\/storage.googleapis.com\/bett1-328410-infoportal-prod-de\/2019\/08\/bett1-sandmaennchen_kind_regenschirm-2.jpg\" alt=\"Foto: Ein Kind mit gelbem Mantel und gelb erleuchtetem Regenschirm geht einen dunklen Waldweg entlang. Eine d\u00fcnne Schicht Schnee liegt auf dem Boden.\" width=\"1024\" height=\"374\" srcset=\"https:\/\/static.bett1.de\/2019\/08\/bett1-sandmaennchen_kind_regenschirm-2.jpg 1024w, https:\/\/static.bett1.de\/2019\/08\/bett1-sandmaennchen_kind_regenschirm-2-300x110.jpg 300w, https:\/\/static.bett1.de\/2019\/08\/bett1-sandmaennchen_kind_regenschirm-2-768x281.jpg 768w\" sizes=\"(max-width: 1024px) 100vw, 1024px\" \/><\/h2>\n\n\n\n<p>Die Sandm\u00e4nnchen-Figur \u201e<a href=\"https:\/\/de.wikipedia.org\/wiki\/Ole_Luk%C3%B8je\" target=\"_blank\" rel=\"noopener noreferrer\">Ole Luk\u00f8je<\/a>\u201c des d\u00e4nischen Schriftstellers Hans Christian Andersen kam ganz ohne Furcht zu verbreiten aus. In dem gleichnamigen M\u00e4rchen verarbeitete Andersen die deutsche Tradition des Sandmanns als Kinderschreck. Doch anders als das deutsche Vorbild ist Andersens Sandm\u00e4nnchen eine kleine Gestalt mit Kapuze ohne jede Boshaftigkeit.<\/p>\n\n\n\n<p>Ole Luk\u00f8je hei\u00dft \u00fcbersetzt \u201eOle Augenschlie\u00dfer\u201c. Er wirft keinen Sand, sondern gibt ein wenig Milch in die Augen der Kinder, damit sie m\u00fcde werden und sich schlafen legen. Unter den Armen tr\u00e4gt das M\u00e4nnchen zwei Regenschirme. In einem der Schirme sind Bilder aufgeh\u00e4ngt, die er den braven Kindern zeigt und die ihnen sch\u00f6ne Tr\u00e4ume bescheren. \u00dcber den unartigen Kindern spannt er den anderen Schirm auf, der keine Bilder in sich tr\u00e4gt. Daraufhin tr\u00e4umen diese Kinder nicht.<\/p>\n\n\n<div class=\"wp-block-image\">\n<figure class=\"alignleft\"><img decoding=\"async\" width=\"300\" height=\"184\" src=\"https:\/\/storage.googleapis.com\/bett1-328410-infoportal-prod-de\/2019\/08\/bett1-sandmaennchen_alter_retro_fernseher_abendgruss-1-300x184.jpg\" alt=\"Foto: Alter R\u00f6hrenfernseher mit kleiner Antenne auf dessen Bildschirm der Schriftzug \u201eAbendgru\u00df\u201c, der urspr\u00fcngliche Titel f\u00fcr &quot;unser Sandm\u00e4nnchen&quot; zu lesen ist.\" class=\"wp-image-21283\" srcset=\"https:\/\/static.bett1.de\/2019\/08\/bett1-sandmaennchen_alter_retro_fernseher_abendgruss-1-300x184.jpg 300w, https:\/\/static.bett1.de\/2019\/08\/bett1-sandmaennchen_alter_retro_fernseher_abendgruss-1.jpg 450w\" sizes=\"(max-width: 300px) 100vw, 300px\" \/><\/figure>\n<\/div>\n\n\n<h2 class=\"wp-block-heading\" id=\"h-das-sandmannchen-und-der-abendgruss\">Das Sandm\u00e4nnchen und der Abendgru\u00df<\/h2>\n\n\n\n<p>Kindern <a href=\"https:\/\/www.bett1.de\/infoportal\/schlafgeschichten\/das-betthupferl\">vor dem Einschlafen Gutenachtgeschichten vorzulesen<\/a>, hat eine lange Tradition. In den 1950er Jahren kn\u00fcpfte der H\u00f6rfunk daran an und entwickelte eine entsprechende Radiosendung f\u00fcr Kinder. Das Fernsehen \u00fcbernahm die Idee \u2013 der Abendgru\u00df war geboren. W\u00e4hrend im H\u00f6rfunk der Sandmann die Geschichten vortrug, fehlte in der Fernsehsendung noch das Sandm\u00e4nnchen.<\/p>\n\n\n\n<h2 class=\"wp-block-heading\" id=\"h-der-sandmann-als-rahmen-fur-die-gutenachtgeschichte\">Der Sandmann als Rahmen f\u00fcr die Gutenachtgeschichte<\/h2>\n\n\n\n<p>Der anf\u00e4nglich ohne Sandmann ausgestrahlte Abendgru\u00df wurde ein Jahr sp\u00e4ter um eine Rahmenhandlung erg\u00e4nzt. Im Vorspann einer jeden Folge reist das Sandm\u00e4nnchen an einen anderen Ort und l\u00e4utet den Abendgru\u00df ein. Der Abendgru\u00df selbst ist eine eigenst\u00e4ndige Geschichte mit wechselnden Protagonist:innen. Die bekanntesten sind wohl Pittiplatsch und Schnatterinchen. Nach dem Abendgru\u00df bringt der Sandmann die Kinder ins Bett, streut eine Handvoll Schlafsand und winkt zum Abschied. Dass der TV-Sandmann ein so freundliches Wesen besitzt, haben wir Hans Christian Andersen zu verdanken. Seine M\u00e4rchenfigur \u201eOle Luk\u00f8je\u201c diente dem Puppenbauer Gerhard Behrend als Vorlage f\u00fcr das Sandm\u00e4nnchen im Ostfernsehen.<\/p>\n\n\n\n<figure class=\"wp-block-image\"><img decoding=\"async\" width=\"1024\" height=\"374\" src=\"https:\/\/storage.googleapis.com\/bett1-328410-infoportal-prod-de\/2019\/08\/bett1-sandmaennchen_sand_werfen-2.jpg\" alt=\"Symbolfoto Sandmann streut Schlafsand: Eine Hand streut mit Schwung etwas feinen Sand.\" class=\"wp-image-21284\" srcset=\"https:\/\/static.bett1.de\/2019\/08\/bett1-sandmaennchen_sand_werfen-2.jpg 1024w, https:\/\/static.bett1.de\/2019\/08\/bett1-sandmaennchen_sand_werfen-2-300x110.jpg 300w, https:\/\/static.bett1.de\/2019\/08\/bett1-sandmaennchen_sand_werfen-2-768x281.jpg 768w\" sizes=\"(max-width: 1024px) 100vw, 1024px\" \/><\/figure>\n\n\n\n<h2 class=\"wp-block-heading\" id=\"h-westdeutsches-sandmannchen-vs-ostdeutsches-sandmannchen\">Westdeutsches Sandm\u00e4nnchen vs. ostdeutsches Sandm\u00e4nnchen<\/h2>\n\n\n\n<p>Die Idee zur Rahmenhandlung mit dem Sandmann geht auf Ilse Obrig zur\u00fcck \u2013 dieselbe Rundfunkredakteurin, die die Radiosendung initiierte. Allerdings entwickelte sie das Konzept des Sandm\u00e4nnchens als Klammer f\u00fcr den Abendgru\u00df erst einige Jahre nach ihrem Wechsel vom ostdeutschen zum westdeutschen Rundfunk im damals geteilten Deutschland. Die Verantwortlichen des DDR-Fernsehens erfuhren von dem Vorhaben und planten daraufhin ein eigenes Sandm\u00e4nnchen. Am Abend des 22. November 1959 strahlte das DDR-Fernsehen unter dem neuen Titel \u201eUnser Sandm\u00e4nnchen\u201c zum ersten Mal den Abendgru\u00df mit der kleinen Puppe aus. Neun Tage sp\u00e4ter flimmerte als Nachz\u00fcgler \u201eDas Sandm\u00e4nnchen\u201c \u00fcber die Fernsehger\u00e4te. Das Pendant, was nur wenige Tage sp\u00e4ter auf Sendung ging, wurde in der breiten \u00d6ffentlichkeit h\u00e4ufig mit Zusatz als westdeutsches Sandm\u00e4nnchen bezeichnet und damit vom Original abgegrenzt.<\/p>\n\n\n\n<p>F\u00fcr Jahrzehnte liefen beide Gute-Nacht-Sendungen parallel. Nach dem Tod des Puppenspielers Herbert K. Schulz 1986, der das westdeutsche Sandm\u00e4nnchen produzierte, stellte die ARD \u201eDas Sandm\u00e4nnchen\u201c mehr und mehr in Frage. Am 31. M\u00e4rz 1989 wurde schlie\u00dflich der westdeutsche Schlaf- und Tr\u00e4umebringer in den Ruhestand geschickt.<\/p>\n\n\n<div class=\"box grey-box\"><strong>Fun-Fact<\/strong><\/p>\n\n\n\n<p>In der Nacht vom 15. zum 16. September 1979 gelang auf spektakul\u00e4re Weise zwei ostdeutschen Familien mit einem Hei\u00dfluftballon die <a href=\"https:\/\/de.wikipedia.org\/wiki\/Ballonflucht\" target=\"_blank\" rel=\"noreferrer noopener\">Flucht in die BRD<\/a>. Als w\u00e4re das nicht Schmach genug f\u00fcr die Parteifunktion\u00e4re der SED gewesen, mussten sie mit ansehen, wie zwei Tage sp\u00e4ter das Sandm\u00e4nnchen zum Abendgru\u00df mit einem Hei\u00dfluftballon angefahren kam. Das Verbot dieser Episode folgte prompt.<\/p>\n\n\n<p><\/div>\n\n\n\n<h2 class=\"wp-block-heading\" id=\"h-die-verhinderung-des-sandmannchen-ruhestands\">Die Verhinderung des Sandm\u00e4nnchen-Ruhestands<\/h2>\n\n\n\n<h2 class=\"wp-block-heading\" id=\"h-\"><img decoding=\"async\" class=\"alignnone wp-image-21285 size-full\" src=\"https:\/\/storage.googleapis.com\/bett1-328410-infoportal-prod-de\/2019\/08\/bett1-sandmaennchen_demonstratiion_widerstand-1.jpg\" alt=\"Foto: Auf einer asphaltierten Stra\u00dfe gehen viele Menschen. Es sind nur die F\u00fc\u00dfe und Beine zu sehen. \" width=\"1024\" height=\"374\" srcset=\"https:\/\/static.bett1.de\/2019\/08\/bett1-sandmaennchen_demonstratiion_widerstand-1.jpg 1024w, https:\/\/static.bett1.de\/2019\/08\/bett1-sandmaennchen_demonstratiion_widerstand-1-300x110.jpg 300w, https:\/\/static.bett1.de\/2019\/08\/bett1-sandmaennchen_demonstratiion_widerstand-1-768x281.jpg 768w\" sizes=\"(max-width: 1024px) 100vw, 1024px\" \/><\/h2>\n\n\n\n<p>Die deutsche Wiedervereinigung war eine Zeit voller Umbr\u00fcche. Der Einigungsvertrag zwischen der BRD und der DDR sah unter anderem die Aufl\u00f6sung des ostdeutschen Rundfunks vor, damit schien das Schicksal des ostdeutschen Sandm\u00e4nnchens besiegelt. Im Ostteil des Landes regte sich allerdings Widerstand. Im Herbst 1990 gingen die Menschen f\u00fcr ihr Sandm\u00e4nnchen auf die Stra\u00dfe. Es wurden tausende Unterschriften gesammelt und dem damaligen Rundfunkbeauftragten Rudolf M\u00fchlfenzl, der mit der Abwicklung der Fernsehanstalt der DDR betraut war, \u00fcbergeben. M\u00fchlfenzl konnte die Protestwelle nicht verstehen, war doch bereits in ersten Konzepten der Programmumstrukturierung ein fester Platz f\u00fcr \u201eUnser Sandm\u00e4nnchen\u201c vorgesehen. Die Entr\u00fcstung beruhte letztlich auf Falschinformationen und einer hochsensibilisierten \u00d6ffentlichkeit jener Zeit. Trotz dessen, dass das geliebte M\u00e4nnchen nie wirklich in Gefahr war, hatte der Protest die Bedeutung der kleinen Puppe mit Zipfelm\u00fctze klargestellt. Seitdem ist \u201eUnser Sandm\u00e4nnchen\u201c aus der Kinderfernsehlandschaft nicht mehr wegzudenken.<\/p>\n\n\n\n<h2 class=\"wp-block-heading\" id=\"h-das-sandmannchen-feiert-60-geburtstag\">Das Sandm\u00e4nnchen feiert 60. Geburtstag<\/h2>\n\n\n\n<p>Kurz nach dem Beginn des Fernsehrundfunks in den 1950er Jahren startete die Karriere des Sandmanns. Am 22. November 1959 brachte \u201eUnser Sandm\u00e4nnchen\u201c zum ersten Mal den Abendgru\u00df. Noch heute ist der TV-Star ein fester Bestandteil des Abendrituals vieler Kinder. Als dienst\u00e4ltester Akteur im deutschen Fernsehen erreicht das kleine M\u00e4nnchen mit Zipfelm\u00fctze \u00fcber alle Generationen einen Bekanntheitsgrad von ann\u00e4hernd 100 %.<\/p>\n\n\n\n<p>Zum 50. Geburtstag gab es ein gro\u00dfes Kinderfest im Filmpark Babelsberg, der Produktionsst\u00e4tte der Kindersendung, ein Sandmann Musical und den Kinofilm \u201eDas Sandm\u00e4nnchen \u2013 Abenteuer im Traumland\u201c. Im November 2019 feierte der Sandmann seinen 60. Geburtstag. Der Rundfunk Berlin-Brandenburg l\u00e4utete das Jubil\u00e4um mit der Ank\u00fcndigung ein, dass der Sandmann zum Sechzigsten seinen Bart verlieren w\u00fcrde. Kleine wie gro\u00dfe Zuschauer waren erleichtert, nachdem sich das Ganze als April-Scherz herausstellte. Im Juni folgte ein Denkmal mit Bart: In der Masurenallee vor dem Geb\u00e4ude des Rundfunks Berlin-Brandenburg sitzt das Sandm\u00e4nnchen auf einer Parkbank und freut sich auf ein Selfie mit Besuchern. Neben dem obligatorischen Fest zum runden Jahrestag des Sandmanns im Filmpark Babelsberg widmet das Filmmuseum Potsdam dem Sandm\u00e4nnchen eine eigene Ausstellung.<\/p>\n\n\n<div class=\"box grey-box\"><\/p>\n\n\n\n<h3 class=\"wp-block-heading\">Wann und wo kommt das Sandm\u00e4nnchen?<\/h3>\n\n\n\n<p>Das Sandm\u00e4nnchen kommt t\u00e4glich in den Abendstunden zwischen 17:50 und 18:54 Uhr. Die Sendung mit dem Sandmann dauert nur zehn Minuten, wird aber auf verschiedenen Sendern des \u00f6ffentlich rechtlichen Rundfunks versetzt ausgestrahlt, sodass unterschiedliche Altersgruppen problemlos zuschauen k\u00f6nnen.<\/p>\n\n\n\n<h3 class=\"wp-block-heading\">Welches Sandm\u00e4nnchen war zuerst da?<\/h3>\n\n\n\n<p>Der ostdeutsche Sandmann ging neun Tage bevor das westdeutsche Sandm\u00e4nnchen realisiert werden konnte auf Sendung. Das Wetteifern um die Integration des Sandmannes in den bereits laufenden Abendgru\u00df f\u00fcr Kinder gleicht ein wenig dem zur Zeit des kalten Krieges allgegenw\u00e4rtigen Wettstreit der politischen Systeme. Am Ende \u00fcberdauerte das neun Tage \u00e4ltere Original das sogenannte West-Sandm\u00e4nnchen um Jahrzehnte.<\/p>\n\n\n\n<h3 class=\"wp-block-heading\">Was kommt beim Sandm\u00e4nnchen?<\/h3>\n\n\n\n<p>Der Sandmann, der den Kindern am Ende des Tages den Schlafsand f\u00fcr gute Tr\u00e4ume in die Augen streut, bildet lediglich die Rahmenhandlung der gleichnamigen Sendung. Dazwischen werden eine Gute-Nacht-Geschichte, M\u00e4rchen oder Lieder gezeigt. Einige Figuren sind seit den fr\u00fchen 1960er-Jahren immer wieder zu sehen, die ber\u00fchmtesten darunter haben es zum Kultstatus gebracht: Pittiplatsch, Schnatterinchen, Moppi, Plumps, Herr Fuchs und Frau Elster.<\/p>\n\n\n<p><\/div>\n","protected":false},"excerpt":{"rendered":"<p>Das Sandm\u00e4nnchen streut allabendlich seinen Sand und bringt Millionen Kindern sch\u00f6ne Tr\u00e4ume. Doch das war nicht immer so. Die Tradition des Sandmanns l\u00e4sst sich bis in die Antike zur\u00fcckverfolgen. Im Laufe der Jahrhunderte durchlebte der Sandmann eine Wandlung, die vor sechzig Jahren in einem kleinen M\u00e4nnchen mit Zipfelm\u00fctze und Bart m\u00fcndete. Ein kleiner Abendgru\u00df zur [&hellip;]<\/p>\n","protected":false},"author":21,"featured_media":21274,"comment_status":"closed","ping_status":"closed","sticky":false,"template":"","format":"standard","meta":{"_acf_changed":false,"footnotes":""},"categories":[4],"tags":[6465,68,1083],"class_list":["post-14942","post","type-post","status-publish","format-standard","has-post-thumbnail","hentry","category-schlafgeschichten","tag-sandmaennchen","tag-schlafkulturen","tag-traeume"],"acf":[],"yoast_head":"<!-- This site is optimized with the Yoast SEO Premium plugin v26.8 (Yoast SEO v26.9-RC2) - https:\/\/yoast.com\/product\/yoast-seo-premium-wordpress\/ -->\n<title>Sandm\u00e4nnchen von heute und damals: Geschichte vom Sandmann \u2013 bett1<\/title>\n<meta name=\"description\" content=\"Geschichte des Sandm\u00e4nnchens: von antiken G\u00f6ttern der Tr\u00e4ume zur Gruselgestalt Sandmann E.T.A. Hoffmann | ostdeutsches und westdeutsches Sandm\u00e4nnchen ARD\" \/>\n<meta name=\"robots\" content=\"index, follow, max-snippet:-1, max-image-preview:large, max-video-preview:-1\" \/>\n<link rel=\"canonical\" href=\"https:\/\/www.bett1.de\/infoportal\/schlafgeschichten\/das-sandmaennchen-bringt-traeume\/\" \/>\n<meta property=\"og:locale\" content=\"de_DE\" \/>\n<meta property=\"og:type\" content=\"article\" \/>\n<meta property=\"og:title\" content=\"Das Sandm\u00e4nnchen bringt die Tr\u00e4ume\" \/>\n<meta property=\"og:description\" content=\"Geschichte des Sandm\u00e4nnchens: von antiken G\u00f6ttern der Tr\u00e4ume zur Gruselgestalt Sandmann E.T.A. Hoffmann | ostdeutsches und westdeutsches Sandm\u00e4nnchen ARD\" \/>\n<meta property=\"og:url\" content=\"https:\/\/www.bett1.de\/infoportal\/schlafgeschichten\/das-sandmaennchen-bringt-traeume\" \/>\n<meta property=\"og:site_name\" content=\"Wir sind Matratze\" \/>\n<meta property=\"article:publisher\" content=\"https:\/\/www.facebook.com\/bett1.de\" \/>\n<meta property=\"article:published_time\" content=\"2019-08-15T08:25:58+00:00\" \/>\n<meta property=\"article:modified_time\" content=\"2026-04-07T10:20:45+00:00\" \/>\n<meta property=\"og:image\" content=\"https:\/\/static.bett1.de\/2019\/08\/bett1-sandmaennchen_familie_fernseher-5.jpg\" \/>\n\t<meta property=\"og:image:width\" content=\"1260\" \/>\n\t<meta property=\"og:image:height\" content=\"690\" \/>\n\t<meta property=\"og:image:type\" content=\"image\/jpeg\" \/>\n<meta name=\"author\" content=\"Ben Borchers\" \/>\n<script type=\"application\/ld+json\" class=\"yoast-schema-graph\">{\"@context\":\"https:\/\/schema.org\",\"@graph\":[{\"@type\":\"Article\",\"@id\":\"https:\/\/www.bett1.de\/infoportal\/schlafgeschichten\/das-sandmaennchen-bringt-traeume#article\",\"isPartOf\":{\"@id\":\"https:\/\/www.bett1.de\/infoportal\/schlafgeschichten\/das-sandmaennchen-bringt-traeume\"},\"author\":{\"name\":\"Ben Borchers\",\"@id\":\"https:\/\/www.bett1.de\/infoportal\/#\/schema\/person\/dc4ae2938ca5b8b7b49e9fdb6e5c3018\"},\"headline\":\"Das Sandm\u00e4nnchen bringt die Tr\u00e4ume\",\"datePublished\":\"2019-08-15T08:25:58+00:00\",\"dateModified\":\"2026-04-07T10:20:45+00:00\",\"mainEntityOfPage\":{\"@id\":\"https:\/\/www.bett1.de\/infoportal\/schlafgeschichten\/das-sandmaennchen-bringt-traeume\"},\"wordCount\":1551,\"image\":{\"@id\":\"https:\/\/www.bett1.de\/infoportal\/schlafgeschichten\/das-sandmaennchen-bringt-traeume#primaryimage\"},\"thumbnailUrl\":\"https:\/\/static.bett1.de\/2019\/08\/bett1-sandmaennchen_familie_fernseher-5.jpg\",\"keywords\":[\"Sandm\u00e4nnchen\",\"Schlafkulturen\",\"Tr\u00e4ume\"],\"articleSection\":[\"Schlafgeschichten\"],\"inLanguage\":\"de-DE\"},{\"@type\":\"WebPage\",\"@id\":\"https:\/\/www.bett1.de\/infoportal\/schlafgeschichten\/das-sandmaennchen-bringt-traeume\",\"url\":\"https:\/\/www.bett1.de\/infoportal\/schlafgeschichten\/das-sandmaennchen-bringt-traeume\",\"name\":\"Sandm\u00e4nnchen von heute und damals: Geschichte vom Sandmann \u2013 bett1\",\"isPartOf\":{\"@id\":\"https:\/\/www.bett1.de\/infoportal\/#website\"},\"primaryImageOfPage\":{\"@id\":\"https:\/\/www.bett1.de\/infoportal\/schlafgeschichten\/das-sandmaennchen-bringt-traeume#primaryimage\"},\"image\":{\"@id\":\"https:\/\/www.bett1.de\/infoportal\/schlafgeschichten\/das-sandmaennchen-bringt-traeume#primaryimage\"},\"thumbnailUrl\":\"https:\/\/static.bett1.de\/2019\/08\/bett1-sandmaennchen_familie_fernseher-5.jpg\",\"datePublished\":\"2019-08-15T08:25:58+00:00\",\"dateModified\":\"2026-04-07T10:20:45+00:00\",\"author\":{\"@id\":\"https:\/\/www.bett1.de\/infoportal\/#\/schema\/person\/dc4ae2938ca5b8b7b49e9fdb6e5c3018\"},\"description\":\"Geschichte des Sandm\u00e4nnchens: von antiken G\u00f6ttern der Tr\u00e4ume zur Gruselgestalt Sandmann E.T.A. Hoffmann | ostdeutsches und westdeutsches Sandm\u00e4nnchen ARD\",\"breadcrumb\":{\"@id\":\"https:\/\/www.bett1.de\/infoportal\/schlafgeschichten\/das-sandmaennchen-bringt-traeume#breadcrumb\"},\"inLanguage\":\"de-DE\",\"potentialAction\":[{\"@type\":\"ReadAction\",\"target\":[\"https:\/\/www.bett1.de\/infoportal\/schlafgeschichten\/das-sandmaennchen-bringt-traeume\"]}]},{\"@type\":\"ImageObject\",\"inLanguage\":\"de-DE\",\"@id\":\"https:\/\/www.bett1.de\/infoportal\/schlafgeschichten\/das-sandmaennchen-bringt-traeume#primaryimage\",\"url\":\"https:\/\/static.bett1.de\/2019\/08\/bett1-sandmaennchen_familie_fernseher-5.jpg\",\"contentUrl\":\"https:\/\/static.bett1.de\/2019\/08\/bett1-sandmaennchen_familie_fernseher-5.jpg\",\"width\":1260,\"height\":690,\"caption\":\"Foto: Eine Familie sitzt auf einem Sofa und schaut Fernsehen. Auf dem Fernseher ist der Schriftzug \u201eAbendgru\u00df\u201c, der Ursprungstitel vom Sandmann, zu lesen.\"},{\"@type\":\"BreadcrumbList\",\"@id\":\"https:\/\/www.bett1.de\/infoportal\/schlafgeschichten\/das-sandmaennchen-bringt-traeume#breadcrumb\",\"itemListElement\":[{\"@type\":\"ListItem\",\"position\":1,\"name\":\"Startseite\",\"item\":\"https:\/\/www.bett1.de\/infoportal\"},{\"@type\":\"ListItem\",\"position\":2,\"name\":\"Das Sandm\u00e4nnchen bringt die Tr\u00e4ume\"}]},{\"@type\":\"WebSite\",\"@id\":\"https:\/\/www.bett1.de\/infoportal\/#website\",\"url\":\"https:\/\/www.bett1.de\/infoportal\/\",\"name\":\"bett1.de\/infoportal\",\"description\":\"Das Infoportal von bett1.de\",\"potentialAction\":[{\"@type\":\"SearchAction\",\"target\":{\"@type\":\"EntryPoint\",\"urlTemplate\":\"https:\/\/www.bett1.de\/infoportal\/?s={search_term_string}\"},\"query-input\":{\"@type\":\"PropertyValueSpecification\",\"valueRequired\":true,\"valueName\":\"search_term_string\"}}],\"inLanguage\":\"de-DE\"},{\"@type\":\"Person\",\"@id\":\"https:\/\/www.bett1.de\/infoportal\/#\/schema\/person\/dc4ae2938ca5b8b7b49e9fdb6e5c3018\",\"name\":\"Ben Borchers\"}]}<\/script>\n<!-- \/ Yoast SEO Premium plugin. -->","yoast_head_json":{"title":"Sandm\u00e4nnchen von heute und damals: Geschichte vom Sandmann \u2013 bett1","description":"Geschichte des Sandm\u00e4nnchens: von antiken G\u00f6ttern der Tr\u00e4ume zur Gruselgestalt Sandmann E.T.A. Hoffmann | ostdeutsches und westdeutsches Sandm\u00e4nnchen ARD","robots":{"index":"index","follow":"follow","max-snippet":"max-snippet:-1","max-image-preview":"max-image-preview:large","max-video-preview":"max-video-preview:-1"},"canonical":"https:\/\/www.bett1.de\/infoportal\/schlafgeschichten\/das-sandmaennchen-bringt-traeume\/","og_locale":"de_DE","og_type":"article","og_title":"Das Sandm\u00e4nnchen bringt die Tr\u00e4ume","og_description":"Geschichte des Sandm\u00e4nnchens: von antiken G\u00f6ttern der Tr\u00e4ume zur Gruselgestalt Sandmann E.T.A. Hoffmann | ostdeutsches und westdeutsches Sandm\u00e4nnchen ARD","og_url":"https:\/\/www.bett1.de\/infoportal\/schlafgeschichten\/das-sandmaennchen-bringt-traeume","og_site_name":"Wir sind Matratze","article_publisher":"https:\/\/www.facebook.com\/bett1.de","article_published_time":"2019-08-15T08:25:58+00:00","article_modified_time":"2026-04-07T10:20:45+00:00","og_image":[{"width":1260,"height":690,"url":"https:\/\/static.bett1.de\/2019\/08\/bett1-sandmaennchen_familie_fernseher-5.jpg","type":"image\/jpeg"}],"author":"Ben Borchers","schema":{"@context":"https:\/\/schema.org","@graph":[{"@type":"Article","@id":"https:\/\/www.bett1.de\/infoportal\/schlafgeschichten\/das-sandmaennchen-bringt-traeume#article","isPartOf":{"@id":"https:\/\/www.bett1.de\/infoportal\/schlafgeschichten\/das-sandmaennchen-bringt-traeume"},"author":{"name":"Ben Borchers","@id":"https:\/\/www.bett1.de\/infoportal\/#\/schema\/person\/dc4ae2938ca5b8b7b49e9fdb6e5c3018"},"headline":"Das Sandm\u00e4nnchen bringt die Tr\u00e4ume","datePublished":"2019-08-15T08:25:58+00:00","dateModified":"2026-04-07T10:20:45+00:00","mainEntityOfPage":{"@id":"https:\/\/www.bett1.de\/infoportal\/schlafgeschichten\/das-sandmaennchen-bringt-traeume"},"wordCount":1551,"image":{"@id":"https:\/\/www.bett1.de\/infoportal\/schlafgeschichten\/das-sandmaennchen-bringt-traeume#primaryimage"},"thumbnailUrl":"https:\/\/static.bett1.de\/2019\/08\/bett1-sandmaennchen_familie_fernseher-5.jpg","keywords":["Sandm\u00e4nnchen","Schlafkulturen","Tr\u00e4ume"],"articleSection":["Schlafgeschichten"],"inLanguage":"de-DE"},{"@type":"WebPage","@id":"https:\/\/www.bett1.de\/infoportal\/schlafgeschichten\/das-sandmaennchen-bringt-traeume","url":"https:\/\/www.bett1.de\/infoportal\/schlafgeschichten\/das-sandmaennchen-bringt-traeume","name":"Sandm\u00e4nnchen von heute und damals: Geschichte vom Sandmann \u2013 bett1","isPartOf":{"@id":"https:\/\/www.bett1.de\/infoportal\/#website"},"primaryImageOfPage":{"@id":"https:\/\/www.bett1.de\/infoportal\/schlafgeschichten\/das-sandmaennchen-bringt-traeume#primaryimage"},"image":{"@id":"https:\/\/www.bett1.de\/infoportal\/schlafgeschichten\/das-sandmaennchen-bringt-traeume#primaryimage"},"thumbnailUrl":"https:\/\/static.bett1.de\/2019\/08\/bett1-sandmaennchen_familie_fernseher-5.jpg","datePublished":"2019-08-15T08:25:58+00:00","dateModified":"2026-04-07T10:20:45+00:00","author":{"@id":"https:\/\/www.bett1.de\/infoportal\/#\/schema\/person\/dc4ae2938ca5b8b7b49e9fdb6e5c3018"},"description":"Geschichte des Sandm\u00e4nnchens: von antiken G\u00f6ttern der Tr\u00e4ume zur Gruselgestalt Sandmann E.T.A. Hoffmann | ostdeutsches und westdeutsches Sandm\u00e4nnchen ARD","breadcrumb":{"@id":"https:\/\/www.bett1.de\/infoportal\/schlafgeschichten\/das-sandmaennchen-bringt-traeume#breadcrumb"},"inLanguage":"de-DE","potentialAction":[{"@type":"ReadAction","target":["https:\/\/www.bett1.de\/infoportal\/schlafgeschichten\/das-sandmaennchen-bringt-traeume"]}]},{"@type":"ImageObject","inLanguage":"de-DE","@id":"https:\/\/www.bett1.de\/infoportal\/schlafgeschichten\/das-sandmaennchen-bringt-traeume#primaryimage","url":"https:\/\/static.bett1.de\/2019\/08\/bett1-sandmaennchen_familie_fernseher-5.jpg","contentUrl":"https:\/\/static.bett1.de\/2019\/08\/bett1-sandmaennchen_familie_fernseher-5.jpg","width":1260,"height":690,"caption":"Foto: Eine Familie sitzt auf einem Sofa und schaut Fernsehen. Auf dem Fernseher ist der Schriftzug \u201eAbendgru\u00df\u201c, der Ursprungstitel vom Sandmann, zu lesen."},{"@type":"BreadcrumbList","@id":"https:\/\/www.bett1.de\/infoportal\/schlafgeschichten\/das-sandmaennchen-bringt-traeume#breadcrumb","itemListElement":[{"@type":"ListItem","position":1,"name":"Startseite","item":"https:\/\/www.bett1.de\/infoportal"},{"@type":"ListItem","position":2,"name":"Das Sandm\u00e4nnchen bringt die Tr\u00e4ume"}]},{"@type":"WebSite","@id":"https:\/\/www.bett1.de\/infoportal\/#website","url":"https:\/\/www.bett1.de\/infoportal\/","name":"bett1.de\/infoportal","description":"Das Infoportal von bett1.de","potentialAction":[{"@type":"SearchAction","target":{"@type":"EntryPoint","urlTemplate":"https:\/\/www.bett1.de\/infoportal\/?s={search_term_string}"},"query-input":{"@type":"PropertyValueSpecification","valueRequired":true,"valueName":"search_term_string"}}],"inLanguage":"de-DE"},{"@type":"Person","@id":"https:\/\/www.bett1.de\/infoportal\/#\/schema\/person\/dc4ae2938ca5b8b7b49e9fdb6e5c3018","name":"Ben Borchers"}]}},"_links":{"self":[{"href":"https:\/\/www.bett1.de\/infoportal\/wp-json\/wp\/v2\/posts\/14942","targetHints":{"allow":["GET"]}}],"collection":[{"href":"https:\/\/www.bett1.de\/infoportal\/wp-json\/wp\/v2\/posts"}],"about":[{"href":"https:\/\/www.bett1.de\/infoportal\/wp-json\/wp\/v2\/types\/post"}],"author":[{"embeddable":true,"href":"https:\/\/www.bett1.de\/infoportal\/wp-json\/wp\/v2\/users\/21"}],"replies":[{"embeddable":true,"href":"https:\/\/www.bett1.de\/infoportal\/wp-json\/wp\/v2\/comments?post=14942"}],"version-history":[{"count":101,"href":"https:\/\/www.bett1.de\/infoportal\/wp-json\/wp\/v2\/posts\/14942\/revisions"}],"predecessor-version":[{"id":166145,"href":"https:\/\/www.bett1.de\/infoportal\/wp-json\/wp\/v2\/posts\/14942\/revisions\/166145"}],"wp:featuredmedia":[{"embeddable":true,"href":"https:\/\/www.bett1.de\/infoportal\/wp-json\/wp\/v2\/media\/21274"}],"wp:attachment":[{"href":"https:\/\/www.bett1.de\/infoportal\/wp-json\/wp\/v2\/media?parent=14942"}],"wp:term":[{"taxonomy":"category","embeddable":true,"href":"https:\/\/www.bett1.de\/infoportal\/wp-json\/wp\/v2\/categories?post=14942"},{"taxonomy":"post_tag","embeddable":true,"href":"https:\/\/www.bett1.de\/infoportal\/wp-json\/wp\/v2\/tags?post=14942"}],"curies":[{"name":"wp","href":"https:\/\/api.w.org\/{rel}","templated":true}]}}