{"id":1614,"date":"2017-11-24T13:29:49","date_gmt":"2017-11-24T12:29:49","guid":{"rendered":"https:\/\/www.bett1.de\/infoportal\/?p=1614"},"modified":"2023-05-09T11:11:25","modified_gmt":"2023-05-09T09:11:25","slug":"prinzessin-insomnia-und-der-alptraumfarbene-nachtmahr","status":"publish","type":"post","link":"https:\/\/www.bett1.de\/infoportal\/schlafgeschichten\/prinzessin-insomnia-und-der-alptraumfarbene-nachtmahr","title":{"rendered":"Prinzessin Insomnia und der alptraumfarbene Nachtmahr"},"content":{"rendered":"\n<p><strong>Walter Moers: Prinzessin Insomnia &amp; der alptraumfarbene Nachtmahr<\/strong><br><em>Mit Illustrationen von Lydia Rode<\/em><br><em> Albrecht Knaus Verlag, 344 Seiten, 24,99 Euro<\/em><br><\/p>\n\n\n<nav id=\"sommaire-article\"><a href=\"#eine-prinzessin-die-das-schlafen-abschaffen-will\" class=\"title_lvl2\"><span class=\"title_lvl\">1. <\/span>Eine Prinzessin, die das Schlafen abschaffen will<\/a><a href=\"#verspielt-mitreissend-und-clever\" class=\"title_lvl2\"><span class=\"title_lvl\">2. <\/span>Verspielt, mitrei\u00dfend und clever<\/a><a href=\"#inspiriert-von-einer-wahren-geschichte\" class=\"title_lvl2\"><span class=\"title_lvl\">3. <\/span>Inspiriert von einer wahren Geschichte<\/a><a href=\"#eulenwertung\" class=\"title_lvl2\"><span class=\"title_lvl\">4. <\/span>Eulenwertung<\/a><\/nav>\n\n\n\n<h2 class=\"wp-block-heading\">Eine Prinzessin, die das Schlafen abschaffen will<\/h2>\n\n\n\n<p>Prinzessin Dylia ist <a href=\"https:\/\/www.bett1.de\/infoportal\/ratgeber\/die-zehn-besten-einschlaftipps\">schlaflos<\/a>. Sie leidet an einer seltenen Krankheit, die die zamonische \u00c4rzteschaft vor R\u00e4tsel stellt. Ihr bisheriger Rekord liegt bei 28 durchwachten N\u00e4chten. In diesen einsamen Stunden wandelt sie schlaflos durch das Schloss \u00fcber sieben T\u00fcrme mit endlosen Wendeltreppen und gibt sich ihren Gedanken hin. Dann erdenkt sie sich Regenbogenerfindungen, sortiert Adjektive und verf\u00fcttert Pfauenw\u00f6rter an ihre gr\u00fcne Erinnerungsspinne. Mit zunehmender Schlaflosigkeit schweift Dylia in Fantasiewelten ab und scheint manches Mal zu <a href=\"https:\/\/www.bett1.de\/infoportal\/schlafgeschichten\/schlafparalyse\">halluzinieren<\/a>. Oder sind ihre Sinne lediglich gesch\u00e4rft durch die Abwesenheit des Schlafes?<\/p>\n\n\n\n<p>W\u00e4re Prinzessin Dylia bereits Regentin, w\u00fcrde sie Wissenschaftler auf das verbreitete Problem des Schlafens ansetzen und ihrem Volk diesen ineffektiven Zeitvertreib verbieten. Zwar spricht bei diesem Gedankengang nachvollziehbare Einsamkeit und Verzweiflung aus der Prinzessin, aber sp\u00e4testens hier verliert die schrill wirkende Protagonistin geh\u00f6rig an Sympathie.<\/p>\n\n\n\n<p>Zur Strafe sitzt eines Nachts der alptraumfarbene Nachtmahr auf Prinzessin Dylias Brust. Der atemberaubend schwere Gnom er\u00f6ffnet der Prinzessin, dass er sie zur Heimsuchung auserw\u00e4hlt hat und sie in den Wahnsinn treiben wird, bis sie es nicht mehr aush\u00e4lt und sich aus dem Fenster st\u00fcrzen wird. Da sich Dylia nicht auf die Abk\u00fcrzung dieses Prozesses durch spontanen Sprung einl\u00e4sst, treten die beiden stattdessen eine magische Reise durch Dylias <a href=\"https:\/\/www.bett1.de\/infoportal\/ratgeber\/schlafphasen\">Gehirn<\/a> an. Ziel ist Amygdala. Dabei wird deutlich, dass das Gehirn des irdischen Lesers mit einem zamonischen Gehirn einige anatomische \u00c4hnlichkeiten aufweist. So begleiten wir die zwei Hauptfiguren durch bekannte Gefilde wie den Thalamus oder Fissura cerebri auf einer gef\u00e4hrlichen Reise voller Wortspiele und bunter Fantasieausbr\u00fcche. W\u00e4hrenddessen entsteht eine besondere Beziehung zwischen dem Nachtmahr und seinem Opfer, in der nach und nach aus Abh\u00e4ngigkeit so etwas wie Freundschaft zu entstehen scheint.<\/p>\n\n\n\n<h2 class=\"wp-block-heading\">Verspielt, mitrei\u00dfend und clever<\/h2>\n\n\n\n<p>Im Roman \u201ePrinzessin Insomnia &amp; der alptraumfarbene Nachtmahr\u201c pr\u00e4sentiert Walter Moers seine ganze Liebe zur deutschen Sprache, Raffinesse und Erz\u00e4hlkunst. Anfangs entsteht fast der Eindruck, er verliert sich in seiner Sprachverliebtheit. Nach der \u00fcberaus ausgedehnten Vorstellung der Protagonistin und ihrer Erlebniswelt nimmt die Geschichte jedoch erheblich an Fahrt auf. Sie bewegt sich \u00e4hnlich wie \u201eDer Schrecksenmeister\u201c und \u201eEnsel und Krete\u201c im Bereich der in sich geschlossenen zamonischen M\u00e4rchen. Die Ber\u00fchrungspunkte mit der Welt Zamoniens und ihren Figuren sind eher gering, was sicherlich manchen entt\u00e4uschen mag. Dennoch entwickelt sich eine mitrei\u00dfende und clevere Erz\u00e4hlung \u00fcber Freundschaft und Loyalit\u00e4t mit irrwitzigen Kreaturen wie den Zwielichtzwergen, Zergessern, Egozetten, Irrschatten und Grillos.<\/p>\n\n\n\n<figure class=\"wp-block-gallery has-nested-images columns-default is-cropped wp-block-gallery-1 is-layout-flex wp-block-gallery-is-layout-flex\">\n<figure class=\"wp-block-image size-large is-style-default\"><img decoding=\"async\" width=\"1024\" height=\"575\" data-id=\"1260\" src=\"https:\/\/storage.googleapis.com\/bett1-328410-infoportal-prod-de\/2017\/09\/bett1.de_infoportal_moers_3-1024x575.jpg\" alt=\"Foto: Der Roman liegt aufgeklappt auf einem Holztisch\" class=\"wp-image-1260\" srcset=\"https:\/\/static.bett1.de\/2017\/09\/bett1.de_infoportal_moers_3-1024x575.jpg 1024w, https:\/\/static.bett1.de\/2017\/09\/bett1.de_infoportal_moers_3-300x168.jpg 300w, https:\/\/static.bett1.de\/2017\/09\/bett1.de_infoportal_moers_3-768x431.jpg 768w, https:\/\/static.bett1.de\/2017\/09\/bett1.de_infoportal_moers_3.jpg 1260w\" sizes=\"(max-width: 1024px) 100vw, 1024px\" \/><\/figure>\n<\/figure>\n\n\n\n<h2 class=\"wp-block-heading\">Inspiriert von einer wahren Geschichte<\/h2>\n\n\n\n<p>Lange haben Fans der Zamonienromane darauf gewartet, wieder Einlass zu finden in die abgedrehte Welt aus fantastischen Abenteuern und liebevollen Sprachspielen. Nachdem es Walter Moers mit seinem letzten Roman \u201eDas Labyrinth der Tr\u00e4umenden B\u00fccher\u201c im Jahr 2011 gelungen war, ein Buch zu einem einzigen gro\u00dfen Cliffhanger zu stilisieren, wurde der f\u00fcr 2014 angek\u00fcndigten Fortsetzung \u201eDas Schloss der tr\u00e4umenden B\u00fccher\u201c heftig entgegengefiebert. Statt dieser k\u00fcndigte Moers jedoch die Ver\u00f6ffentlichung des Titels \u201eDie Insel der 1000 Leuchtt\u00fcrme\u201c an, bis im August 2017 recht \u00fcberraschend \u201ePrinzessin Insomnia &amp; der alptraumfarbene Nachtmahr\u201c erschien.<\/p>\n\n\n\n<p>Inspiriert dazu wurde Moers von Lydia Rode, die das Chronische Ersch\u00f6pfungssyndrom hat und dessen Auswirkungen mit seinen Romanen bek\u00e4mpft. Zusammen planten sie eine Kurzgeschichte, die mit dem vorliegenden 344 Seiten starken Roman &#8222;Prinzessin Insomnia &amp; der alptraumfarbene Nachtmahr&#8220; eher epische Ausma\u00dfe f\u00fcr das angedachte Format annahm. Verewigt hat sich Lydia Rode nicht nur in ihren Zeichnungen zur Geschichte, die damit erstmalig im Laufe der Zamonien-Romane nicht aus der Hand des Autors stammen. Typisch f\u00fcr Walter Moers, ist auch die Prinzessin Dylia eine Widmung an die Zeichnerin in Form eines Anagramms.<\/p>\n\n\n\n<figure class=\"wp-block-image size-large\"><img decoding=\"async\" width=\"1024\" height=\"575\" src=\"https:\/\/storage.googleapis.com\/bett1-328410-infoportal-prod-de\/2017\/09\/bett1.de_infoportal_moers_4-1024x575.jpg\" alt=\"Foto: Der Roman steht aufrecht auf einem Holztisch\" class=\"wp-image-1261\" srcset=\"https:\/\/static.bett1.de\/2017\/09\/bett1.de_infoportal_moers_4-1024x575.jpg 1024w, https:\/\/static.bett1.de\/2017\/09\/bett1.de_infoportal_moers_4-300x168.jpg 300w, https:\/\/static.bett1.de\/2017\/09\/bett1.de_infoportal_moers_4-768x431.jpg 768w, https:\/\/static.bett1.de\/2017\/09\/bett1.de_infoportal_moers_4.jpg 1260w\" sizes=\"(max-width: 1024px) 100vw, 1024px\" \/><\/figure>\n\n\n\n<h2 class=\"wp-block-heading\">Eulenwertung<\/h2>\n\n\n\n<p><img decoding=\"async\" class=\"size-full wp-image-1270 alignnone\" src=\"https:\/\/storage.googleapis.com\/bett1-328410-infoportal-prod-de\/2017\/09\/3_eulen.jpg\" alt=\"Eulenwertung: 3 von 5\" width=\"107\" height=\"15\">&nbsp;Mitfiebernd-die-Bettdecke-hochzieh-Faktor<br><img decoding=\"async\" class=\"alignnone size-full wp-image-1269\" src=\"https:\/\/storage.googleapis.com\/bett1-328410-infoportal-prod-de\/2017\/09\/2_eulen.jpg\" alt=\"Eulenwertung: 2 von 5\" width=\"107\" height=\"15\">&nbsp;Wachhalte-Faktor<br><img decoding=\"async\" class=\"alignnone size-full wp-image-1271\" src=\"https:\/\/storage.googleapis.com\/bett1-328410-infoportal-prod-de\/2017\/09\/4_eulen.jpg\" alt=\"Eulenwertung: 4 von 5\" width=\"107\" height=\"15\">&nbsp;Vor-Lachen-aus-dem-Bett-fall-Faktor<br><img decoding=\"async\" class=\"size-full wp-image-1270 alignnone\" src=\"https:\/\/storage.googleapis.com\/bett1-328410-infoportal-prod-de\/2017\/09\/3_eulen.jpg\" alt=\"Eulenwertung: 3 von 5\" width=\"107\" height=\"15\">&nbsp;Ins-Kissen-wein-Faktor<br><img decoding=\"async\" class=\"alignnone size-full wp-image-1269\" src=\"https:\/\/storage.googleapis.com\/bett1-328410-infoportal-prod-de\/2017\/09\/2_eulen.jpg\" alt=\"Eulenwertung: 2 von 5\" width=\"107\" height=\"15\">&nbsp;Lieber-bei-Licht-einschlafe-Faktor<br><img decoding=\"async\" class=\"alignnone size-full wp-image-1272\" src=\"https:\/\/storage.googleapis.com\/bett1-328410-infoportal-prod-de\/2017\/09\/5_eulen.jpg\" alt=\"Eulenwertung: 5 von 5\" width=\"107\" height=\"15\">&nbsp;Graue-Zellen-anstreng-Faktor<\/p>\n","protected":false},"excerpt":{"rendered":"<p>Walter Moers: Prinzessin Insomnia &amp; der alptraumfarbene NachtmahrMit Illustrationen von Lydia Rode Albrecht Knaus Verlag, 344 Seiten, 24,99 Euro Eine Prinzessin, die das Schlafen abschaffen will Prinzessin Dylia ist schlaflos. Sie leidet an einer seltenen Krankheit, die die zamonische \u00c4rzteschaft vor R\u00e4tsel stellt. Ihr bisheriger Rekord liegt bei 28 durchwachten N\u00e4chten. In diesen einsamen Stunden [&hellip;]<\/p>\n","protected":false},"author":1,"featured_media":1258,"comment_status":"closed","ping_status":"closed","sticky":false,"template":"","format":"standard","meta":{"_acf_changed":false,"footnotes":""},"categories":[4],"tags":[94,93],"class_list":["post-1614","post","type-post","status-publish","format-standard","has-post-thumbnail","hentry","category-schlafgeschichten","tag-albtraum","tag-bettlektuere"],"acf":[],"yoast_head":"<!-- This site is optimized with the Yoast SEO Premium plugin v26.8 (Yoast SEO v26.9-RC2) - https:\/\/yoast.com\/product\/yoast-seo-premium-wordpress\/ -->\n<title>Prinzessin Insomnia und der alptraumfarbene Nachtmahr - bett1.de<\/title>\n<meta name=\"description\" content=\"Walter Moers: Prinzessin Insomnia und der alptraumfarbene Nachtmahr - Rezension des neusten Zamonien-Romans | Illustrationen Lydia Rode | Literatur zur Nacht | B\u00fccher zum Tr\u00e4umen | Zamonien Roman\" \/>\n<meta name=\"robots\" content=\"index, follow, max-snippet:-1, max-image-preview:large, max-video-preview:-1\" \/>\n<link rel=\"canonical\" href=\"https:\/\/www.bett1.de\/infoportal\/schlafgeschichten\/prinzessin-insomnia-und-der-alptraumfarbene-nachtmahr\/\" \/>\n<meta property=\"og:locale\" content=\"de_DE\" \/>\n<meta property=\"og:type\" content=\"article\" \/>\n<meta property=\"og:title\" content=\"Prinzessin Insomnia und der alptraumfarbene Nachtmahr\" \/>\n<meta property=\"og:description\" content=\"Walter Moers: Prinzessin Insomnia und der alptraumfarbene Nachtmahr - Rezension des neusten Zamonien-Romans | Illustrationen Lydia Rode | Literatur zur Nacht | B\u00fccher zum Tr\u00e4umen | Zamonien Roman\" \/>\n<meta property=\"og:url\" content=\"https:\/\/www.bett1.de\/infoportal\/schlafgeschichten\/prinzessin-insomnia-und-der-alptraumfarbene-nachtmahr\" \/>\n<meta property=\"og:site_name\" content=\"Wir sind Matratze\" \/>\n<meta property=\"article:publisher\" content=\"https:\/\/www.facebook.com\/bett1.de\" \/>\n<meta property=\"article:published_time\" content=\"2017-11-24T12:29:49+00:00\" \/>\n<meta property=\"article:modified_time\" content=\"2023-05-09T09:11:25+00:00\" \/>\n<meta property=\"og:image\" content=\"https:\/\/storage.googleapis.com\/bett1-328410-infoportal-prod-de\/2017\/09\/bett1.de_infoportal_moers_1.jpg\" \/>\n\t<meta property=\"og:image:width\" content=\"1260\" \/>\n\t<meta property=\"og:image:height\" content=\"707\" \/>\n\t<meta property=\"og:image:type\" content=\"image\/jpeg\" \/>\n<meta name=\"author\" content=\"bett1.de\" \/>\n<script type=\"application\/ld+json\" class=\"yoast-schema-graph\">{\"@context\":\"https:\/\/schema.org\",\"@graph\":[{\"@type\":\"Article\",\"@id\":\"https:\/\/www.bett1.de\/infoportal\/schlafgeschichten\/prinzessin-insomnia-und-der-alptraumfarbene-nachtmahr#article\",\"isPartOf\":{\"@id\":\"https:\/\/www.bett1.de\/infoportal\/schlafgeschichten\/prinzessin-insomnia-und-der-alptraumfarbene-nachtmahr\"},\"author\":{\"name\":\"bett1.de\",\"@id\":\"https:\/\/www.bett1.de\/infoportal\/#\/schema\/person\/a3ec29dbe63c9accd265af6b1cff14c2\"},\"headline\":\"Prinzessin Insomnia und der alptraumfarbene Nachtmahr\",\"datePublished\":\"2017-11-24T12:29:49+00:00\",\"dateModified\":\"2023-05-09T09:11:25+00:00\",\"mainEntityOfPage\":{\"@id\":\"https:\/\/www.bett1.de\/infoportal\/schlafgeschichten\/prinzessin-insomnia-und-der-alptraumfarbene-nachtmahr\"},\"wordCount\":650,\"image\":{\"@id\":\"https:\/\/www.bett1.de\/infoportal\/schlafgeschichten\/prinzessin-insomnia-und-der-alptraumfarbene-nachtmahr#primaryimage\"},\"thumbnailUrl\":\"https:\/\/static.bett1.de\/2017\/09\/bett1.de_infoportal_moers_1.jpg\",\"keywords\":[\"Albtraum\",\"Bettlekt\u00fcre\"],\"articleSection\":[\"Schlafgeschichten\"],\"inLanguage\":\"de\"},{\"@type\":\"WebPage\",\"@id\":\"https:\/\/www.bett1.de\/infoportal\/schlafgeschichten\/prinzessin-insomnia-und-der-alptraumfarbene-nachtmahr\",\"url\":\"https:\/\/www.bett1.de\/infoportal\/schlafgeschichten\/prinzessin-insomnia-und-der-alptraumfarbene-nachtmahr\",\"name\":\"Prinzessin Insomnia und der alptraumfarbene Nachtmahr - bett1.de\",\"isPartOf\":{\"@id\":\"https:\/\/www.bett1.de\/infoportal\/#website\"},\"primaryImageOfPage\":{\"@id\":\"https:\/\/www.bett1.de\/infoportal\/schlafgeschichten\/prinzessin-insomnia-und-der-alptraumfarbene-nachtmahr#primaryimage\"},\"image\":{\"@id\":\"https:\/\/www.bett1.de\/infoportal\/schlafgeschichten\/prinzessin-insomnia-und-der-alptraumfarbene-nachtmahr#primaryimage\"},\"thumbnailUrl\":\"https:\/\/static.bett1.de\/2017\/09\/bett1.de_infoportal_moers_1.jpg\",\"datePublished\":\"2017-11-24T12:29:49+00:00\",\"dateModified\":\"2023-05-09T09:11:25+00:00\",\"author\":{\"@id\":\"https:\/\/www.bett1.de\/infoportal\/#\/schema\/person\/a3ec29dbe63c9accd265af6b1cff14c2\"},\"description\":\"Walter Moers: Prinzessin Insomnia und der alptraumfarbene Nachtmahr - Rezension des neusten Zamonien-Romans | Illustrationen Lydia Rode | Literatur zur Nacht | B\u00fccher zum Tr\u00e4umen | Zamonien Roman\",\"breadcrumb\":{\"@id\":\"https:\/\/www.bett1.de\/infoportal\/schlafgeschichten\/prinzessin-insomnia-und-der-alptraumfarbene-nachtmahr#breadcrumb\"},\"inLanguage\":\"de\",\"potentialAction\":[{\"@type\":\"ReadAction\",\"target\":[\"https:\/\/www.bett1.de\/infoportal\/schlafgeschichten\/prinzessin-insomnia-und-der-alptraumfarbene-nachtmahr\"]}]},{\"@type\":\"ImageObject\",\"inLanguage\":\"de\",\"@id\":\"https:\/\/www.bett1.de\/infoportal\/schlafgeschichten\/prinzessin-insomnia-und-der-alptraumfarbene-nachtmahr#primaryimage\",\"url\":\"https:\/\/static.bett1.de\/2017\/09\/bett1.de_infoportal_moers_1.jpg\",\"contentUrl\":\"https:\/\/static.bett1.de\/2017\/09\/bett1.de_infoportal_moers_1.jpg\",\"width\":1260,\"height\":707,\"caption\":\"Foto: Der Roman von unten angeschnitten\"},{\"@type\":\"BreadcrumbList\",\"@id\":\"https:\/\/www.bett1.de\/infoportal\/schlafgeschichten\/prinzessin-insomnia-und-der-alptraumfarbene-nachtmahr#breadcrumb\",\"itemListElement\":[{\"@type\":\"ListItem\",\"position\":1,\"name\":\"Startseite\",\"item\":\"https:\/\/www.bett1.de\/infoportal\"},{\"@type\":\"ListItem\",\"position\":2,\"name\":\"Prinzessin Insomnia und der alptraumfarbene Nachtmahr\"}]},{\"@type\":\"WebSite\",\"@id\":\"https:\/\/www.bett1.de\/infoportal\/#website\",\"url\":\"https:\/\/www.bett1.de\/infoportal\/\",\"name\":\"bett1.de\/infoportal\",\"description\":\"Das Infoportal von bett1.de\",\"potentialAction\":[{\"@type\":\"SearchAction\",\"target\":{\"@type\":\"EntryPoint\",\"urlTemplate\":\"https:\/\/www.bett1.de\/infoportal\/?s={search_term_string}\"},\"query-input\":{\"@type\":\"PropertyValueSpecification\",\"valueRequired\":true,\"valueName\":\"search_term_string\"}}],\"inLanguage\":\"de\"},{\"@type\":\"Person\",\"@id\":\"https:\/\/www.bett1.de\/infoportal\/#\/schema\/person\/a3ec29dbe63c9accd265af6b1cff14c2\",\"name\":\"bett1.de\"}]}<\/script>\n<!-- \/ Yoast SEO Premium plugin. -->","yoast_head_json":{"title":"Prinzessin Insomnia und der alptraumfarbene Nachtmahr - bett1.de","description":"Walter Moers: Prinzessin Insomnia und der alptraumfarbene Nachtmahr - Rezension des neusten Zamonien-Romans | Illustrationen Lydia Rode | Literatur zur Nacht | B\u00fccher zum Tr\u00e4umen | Zamonien Roman","robots":{"index":"index","follow":"follow","max-snippet":"max-snippet:-1","max-image-preview":"max-image-preview:large","max-video-preview":"max-video-preview:-1"},"canonical":"https:\/\/www.bett1.de\/infoportal\/schlafgeschichten\/prinzessin-insomnia-und-der-alptraumfarbene-nachtmahr\/","og_locale":"de_DE","og_type":"article","og_title":"Prinzessin Insomnia und der alptraumfarbene Nachtmahr","og_description":"Walter Moers: Prinzessin Insomnia und der alptraumfarbene Nachtmahr - Rezension des neusten Zamonien-Romans | Illustrationen Lydia Rode | Literatur zur Nacht | B\u00fccher zum Tr\u00e4umen | Zamonien Roman","og_url":"https:\/\/www.bett1.de\/infoportal\/schlafgeschichten\/prinzessin-insomnia-und-der-alptraumfarbene-nachtmahr","og_site_name":"Wir sind Matratze","article_publisher":"https:\/\/www.facebook.com\/bett1.de","article_published_time":"2017-11-24T12:29:49+00:00","article_modified_time":"2023-05-09T09:11:25+00:00","og_image":[{"width":1260,"height":707,"url":"https:\/\/storage.googleapis.com\/bett1-328410-infoportal-prod-de\/2017\/09\/bett1.de_infoportal_moers_1.jpg","type":"image\/jpeg"}],"author":"bett1.de","schema":{"@context":"https:\/\/schema.org","@graph":[{"@type":"Article","@id":"https:\/\/www.bett1.de\/infoportal\/schlafgeschichten\/prinzessin-insomnia-und-der-alptraumfarbene-nachtmahr#article","isPartOf":{"@id":"https:\/\/www.bett1.de\/infoportal\/schlafgeschichten\/prinzessin-insomnia-und-der-alptraumfarbene-nachtmahr"},"author":{"name":"bett1.de","@id":"https:\/\/www.bett1.de\/infoportal\/#\/schema\/person\/a3ec29dbe63c9accd265af6b1cff14c2"},"headline":"Prinzessin Insomnia und der alptraumfarbene Nachtmahr","datePublished":"2017-11-24T12:29:49+00:00","dateModified":"2023-05-09T09:11:25+00:00","mainEntityOfPage":{"@id":"https:\/\/www.bett1.de\/infoportal\/schlafgeschichten\/prinzessin-insomnia-und-der-alptraumfarbene-nachtmahr"},"wordCount":650,"image":{"@id":"https:\/\/www.bett1.de\/infoportal\/schlafgeschichten\/prinzessin-insomnia-und-der-alptraumfarbene-nachtmahr#primaryimage"},"thumbnailUrl":"https:\/\/static.bett1.de\/2017\/09\/bett1.de_infoportal_moers_1.jpg","keywords":["Albtraum","Bettlekt\u00fcre"],"articleSection":["Schlafgeschichten"],"inLanguage":"de"},{"@type":"WebPage","@id":"https:\/\/www.bett1.de\/infoportal\/schlafgeschichten\/prinzessin-insomnia-und-der-alptraumfarbene-nachtmahr","url":"https:\/\/www.bett1.de\/infoportal\/schlafgeschichten\/prinzessin-insomnia-und-der-alptraumfarbene-nachtmahr","name":"Prinzessin Insomnia und der alptraumfarbene Nachtmahr - bett1.de","isPartOf":{"@id":"https:\/\/www.bett1.de\/infoportal\/#website"},"primaryImageOfPage":{"@id":"https:\/\/www.bett1.de\/infoportal\/schlafgeschichten\/prinzessin-insomnia-und-der-alptraumfarbene-nachtmahr#primaryimage"},"image":{"@id":"https:\/\/www.bett1.de\/infoportal\/schlafgeschichten\/prinzessin-insomnia-und-der-alptraumfarbene-nachtmahr#primaryimage"},"thumbnailUrl":"https:\/\/static.bett1.de\/2017\/09\/bett1.de_infoportal_moers_1.jpg","datePublished":"2017-11-24T12:29:49+00:00","dateModified":"2023-05-09T09:11:25+00:00","author":{"@id":"https:\/\/www.bett1.de\/infoportal\/#\/schema\/person\/a3ec29dbe63c9accd265af6b1cff14c2"},"description":"Walter Moers: Prinzessin Insomnia und der alptraumfarbene Nachtmahr - Rezension des neusten Zamonien-Romans | Illustrationen Lydia Rode | Literatur zur Nacht | B\u00fccher zum Tr\u00e4umen | Zamonien Roman","breadcrumb":{"@id":"https:\/\/www.bett1.de\/infoportal\/schlafgeschichten\/prinzessin-insomnia-und-der-alptraumfarbene-nachtmahr#breadcrumb"},"inLanguage":"de","potentialAction":[{"@type":"ReadAction","target":["https:\/\/www.bett1.de\/infoportal\/schlafgeschichten\/prinzessin-insomnia-und-der-alptraumfarbene-nachtmahr"]}]},{"@type":"ImageObject","inLanguage":"de","@id":"https:\/\/www.bett1.de\/infoportal\/schlafgeschichten\/prinzessin-insomnia-und-der-alptraumfarbene-nachtmahr#primaryimage","url":"https:\/\/static.bett1.de\/2017\/09\/bett1.de_infoportal_moers_1.jpg","contentUrl":"https:\/\/static.bett1.de\/2017\/09\/bett1.de_infoportal_moers_1.jpg","width":1260,"height":707,"caption":"Foto: Der Roman von unten angeschnitten"},{"@type":"BreadcrumbList","@id":"https:\/\/www.bett1.de\/infoportal\/schlafgeschichten\/prinzessin-insomnia-und-der-alptraumfarbene-nachtmahr#breadcrumb","itemListElement":[{"@type":"ListItem","position":1,"name":"Startseite","item":"https:\/\/www.bett1.de\/infoportal"},{"@type":"ListItem","position":2,"name":"Prinzessin Insomnia und der alptraumfarbene Nachtmahr"}]},{"@type":"WebSite","@id":"https:\/\/www.bett1.de\/infoportal\/#website","url":"https:\/\/www.bett1.de\/infoportal\/","name":"bett1.de\/infoportal","description":"Das Infoportal von bett1.de","potentialAction":[{"@type":"SearchAction","target":{"@type":"EntryPoint","urlTemplate":"https:\/\/www.bett1.de\/infoportal\/?s={search_term_string}"},"query-input":{"@type":"PropertyValueSpecification","valueRequired":true,"valueName":"search_term_string"}}],"inLanguage":"de"},{"@type":"Person","@id":"https:\/\/www.bett1.de\/infoportal\/#\/schema\/person\/a3ec29dbe63c9accd265af6b1cff14c2","name":"bett1.de"}]}},"_links":{"self":[{"href":"https:\/\/www.bett1.de\/infoportal\/wp-json\/wp\/v2\/posts\/1614","targetHints":{"allow":["GET"]}}],"collection":[{"href":"https:\/\/www.bett1.de\/infoportal\/wp-json\/wp\/v2\/posts"}],"about":[{"href":"https:\/\/www.bett1.de\/infoportal\/wp-json\/wp\/v2\/types\/post"}],"author":[{"embeddable":true,"href":"https:\/\/www.bett1.de\/infoportal\/wp-json\/wp\/v2\/users\/1"}],"replies":[{"embeddable":true,"href":"https:\/\/www.bett1.de\/infoportal\/wp-json\/wp\/v2\/comments?post=1614"}],"version-history":[{"count":24,"href":"https:\/\/www.bett1.de\/infoportal\/wp-json\/wp\/v2\/posts\/1614\/revisions"}],"predecessor-version":[{"id":58351,"href":"https:\/\/www.bett1.de\/infoportal\/wp-json\/wp\/v2\/posts\/1614\/revisions\/58351"}],"wp:featuredmedia":[{"embeddable":true,"href":"https:\/\/www.bett1.de\/infoportal\/wp-json\/wp\/v2\/media\/1258"}],"wp:attachment":[{"href":"https:\/\/www.bett1.de\/infoportal\/wp-json\/wp\/v2\/media?parent=1614"}],"wp:term":[{"taxonomy":"category","embeddable":true,"href":"https:\/\/www.bett1.de\/infoportal\/wp-json\/wp\/v2\/categories?post=1614"},{"taxonomy":"post_tag","embeddable":true,"href":"https:\/\/www.bett1.de\/infoportal\/wp-json\/wp\/v2\/tags?post=1614"}],"curies":[{"name":"wp","href":"https:\/\/api.w.org\/{rel}","templated":true}]}}