{"id":21953,"date":"2020-09-29T10:00:08","date_gmt":"2020-09-29T08:00:08","guid":{"rendered":"https:\/\/www.bett1.de\/infoportal\/?p=21953"},"modified":"2023-08-17T13:48:31","modified_gmt":"2023-08-17T11:48:31","slug":"fatigue-syndrom-cfs-chronisches-erschoepfungssyndrom-long-covid","status":"publish","type":"post","link":"https:\/\/www.bett1.de\/infoportal\/schlafgeschichten\/fatigue-syndrom-cfs-chronisches-erschoepfungssyndrom-long-covid","title":{"rendered":"Fatigue: ein r\u00e4tselhaftes Ersch\u00f6pfungssyndrom"},"content":{"rendered":"\n<p>Als Fatigue wird starke Ersch\u00f6pfung und Antriebslosigkeit bezeichnet, die in keinem Verh\u00e4ltnis zu vorherigen Anstrengungen steht. Oft ist Fatigue die Folge oder Begleiterscheinung einer anderen Erkrankung \u2013 wie zum Beispiel Krebs, Multipler Sklerose oder Parkinson. Auch Genesene von Viruserkrankungen, wie durch das Coronavirus (SARS-CoV-2 \/ COVID-19) verursachte, scheinen h\u00e4ufig an diesem Syndrom zu erkranken. Betroffene berichten von einer derart starken Abgeschlagenheit, dass es ihnen kaum m\u00f6glich ist, den Alltag zu bew\u00e4ltigen.<\/p>\n\n\n<nav id=\"sommaire-article\"><a href=\"#fatigue-und-me-cfs-aeussern-sich-sehr-aehnlich\" class=\"title_lvl2\"><span class=\"title_lvl\">1. <\/span>Fatigue und ME\/CFS \u00e4u\u00dfern sich sehr \u00e4hnlich<\/a><a href=\"#in-welchem-zusammenhang-stehen-fatigue-syndrom-und-me-cfs\" class=\"title_lvl2\"><span class=\"title_lvl\">2. <\/span>In welchem Zusammenhang stehen Fatigue-Syndrom und ME\/CFS?<\/a><a href=\"#fatigue-als-folge-einer-erkrankung-oder-behandlung\" class=\"title_lvl2\"><span class=\"title_lvl\">3. <\/span>Fatigue als Folge einer Erkrankung oder Behandlung<\/a><a href=\"#krebs\" class=\"title_lvl3\"><span class=\"title_lvl\">3.1. <\/span>Krebs<\/a><a href=\"#viruserkrankungen-wie-corona-sars-oder-mers\" class=\"title_lvl3\"><span class=\"title_lvl\">3.2. <\/span>Viruserkrankungen wie Corona, SARS oder MERS<\/a><a href=\"#me-cfs-myalgische-enzephalomyelitis-chronisches-erschoepfungssyndrom\" class=\"title_lvl2\"><span class=\"title_lvl\">4. <\/span>ME\/CFS \u2013 Myalgische Enzephalomyelitis \/ chronisches Ersch\u00f6pfungssyndrom<\/a><a href=\"#geschichte-und-namensgebung\" class=\"title_lvl3\"><span class=\"title_lvl\">4.1. <\/span>Geschichte und Namensgebung<\/a><a href=\"#was-heute-ueber-me-cfs-bekannt-ist\" class=\"title_lvl3\"><span class=\"title_lvl\">4.2. <\/span>Was heute \u00fcber ME\/CFS bekannt ist<\/a><a href=\"#fatigue-und-me-csf-die-rolle-des-immunsystems\" class=\"title_lvl2\"><span class=\"title_lvl\">5. <\/span>Fatigue und ME\/CSF: die Rolle des Immunsystems<\/a><a href=\"#wie-mit-fatigue-umgehen\" class=\"title_lvl2\"><span class=\"title_lvl\">6. <\/span>Wie mit Fatigue umgehen?<\/a><a href=\"#wie-zeigt-sich-fatigue\" class=\"title_lvl3\"><span class=\"title_lvl\">6.1. <\/span>Wie zeigt sich Fatigue?<\/a><a href=\"#wann-tritt-das-fatigue-syndrom-auf\" class=\"title_lvl3\"><span class=\"title_lvl\">6.2. <\/span>Wann tritt das Fatigue Syndrom auf?<\/a><a href=\"#was-hilft-bei-fatigue-syndrom\" class=\"title_lvl3\"><span class=\"title_lvl\">6.3. <\/span>Was hilft bei Fatigue Syndrom?<\/a><\/nav>\n\n\n\n<p>In seiner Symptomatik sehr \u00e4hnlich, ist das Chronic Fatigue-Syndrom, kurz CFS. In der Medizin wird das Chronische Ersch\u00f6pfungs-Syndrom CFS von der akuten Fatigue, zum Beispiel als Folgesyndrom einer vorausgehenden Erkrankung, h\u00e4ufig abgegrenzt. Im Gegensatz zum \u201eeinfachen\u201c Fatigue-Syndrom ist das CFS international als eigenst\u00e4ndiges Krankheitsbild anerkannt. Deshalb gibt es f\u00fcr CFS einen eigenen Klassifizierungscode <a href=\"https:\/\/de.wikipedia.org\/wiki\/Internationale_statistische_Klassifikation_der_Krankheiten_und_verwandter_Gesundheitsprobleme\" target=\"_blank\" rel=\"noopener noreferrer\">nach ICD-10 der WHO.<\/a> CFS wird aus diesem Grund auch als Fatigue-Syndrom-ICD-10 oder als ICD-10-Ersch\u00f6pfungssyndrom benannt. Es wird von vielen Menschen auch als Myalgische Enzephalomyelitis (ME) bezeichnet \u2013 die Bezeichnung ME\/CFS ist deshalb ebenso gel\u00e4ufig.<\/p>\n\n\n<div class=\"box grey-box\"><\/p>\n\n\n\n<p><strong>Gut zu wissen: <\/strong>Als Syndrom wird in der Medizin und Psychologie die Kombination verschiedener gemeinsam auftretender Symptome bezeichnet. Ein Symptom ist <a href=\"https:\/\/www.bett1.de\/infoportal\/schlafgeschichten\/chronische-muedigkeit-krankhaft-muede\">ein Anzeichen einer Krankheit<\/a>.<\/p>\n\n\n<p><\/div>\n\n\n\n<h2 class=\"wp-block-heading\" id=\"h-fatigue-und-me-cfs-aussern-sich-sehr-ahnlich\">Fatigue und ME\/CFS \u00e4u\u00dfern sich sehr \u00e4hnlich<\/h2>\n\n\n\n<p>Ob Fatigue-Syndrom oder ME\/CFS, beide Ersch\u00f6pfungssyndrome \u00e4u\u00dfern sich fast gleich. Unterhaltungen zu folgen, ist f\u00fcr Betroffene ebenso anstrengend, wie die einfachsten Dinge im Haushalt zu verrichten. Selbst ein Buch zu lesen, ist f\u00fcr die meisten nicht oder nur sehr eingeschr\u00e4nkt m\u00f6glich. Man spricht von k\u00f6rperlicher, geistiger und kognitiver Fatigue. In der Regel reichen die t\u00e4glichen Kraftreserven nur f\u00fcr wenige Aktivit\u00e4ten aus, bevor der K\u00f6rper nach Ruhe verlangt. Doch selbst <a href=\"https:\/\/www.bett1.de\/infoportal\/schlafgeschichten\/hypersomnie\">das Schlafen<\/a> wird nicht oder kaum mehr als erholsam empfunden. Das alles f\u00fchrt unweigerlich zu einer zus\u00e4tzlichen psychischen Belastung.<\/p>\n\n\n<div class=\"wp-block-image\">\n<figure class=\"aligncenter\"><img decoding=\"async\" width=\"1024\" height=\"570\" src=\"https:\/\/storage.googleapis.com\/bett1-328410-infoportal-prod-de\/2020\/09\/bett1_Fatigue-Symptome.jpg\" alt=\"Foto: Die Tankanzeige eines Autos zeigt an, dass der Tank leer ist und die Geschwindigkeitsanzeige bei Null steht.\" class=\"wp-image-22173\" srcset=\"https:\/\/static.bett1.de\/2020\/09\/bett1_Fatigue-Symptome.jpg 1024w, https:\/\/static.bett1.de\/2020\/09\/bett1_Fatigue-Symptome-300x167.jpg 300w, https:\/\/static.bett1.de\/2020\/09\/bett1_Fatigue-Symptome-768x428.jpg 768w\" sizes=\"(max-width: 1024px) 100vw, 1024px\" \/><\/figure>\n<\/div>\n\n\n<h2 class=\"wp-block-heading\" id=\"h-in-welchem-zusammenhang-stehen-fatigue-syndrom-und-me-cfs\">In welchem Zusammenhang stehen Fatigue-Syndrom und ME\/CFS?<\/h2>\n\n\n\n<p>Genau genommen handelt es sich beim \u201eeinfachen\u201c Fatigue-Syndrom und dem Chronischen Ersch\u00f6pfungs-Syndrom (CFS) beziehungsweise der Myalgischen Enzephalomyelitis (ME) um mindestens zwei verschiedene Ersch\u00f6pfungssyndrome. W\u00e4hrend vereinzelt sogar zwischen CFS und ME unterschieden wird, sehen manche Experten alle Ersch\u00f6pfungssyndrome als Teil eines gro\u00dfen Ganzen. Da die Ursachen meist unbekannt oder zumindest nicht eindeutig zu identifizieren sind, l\u00e4sst sich ein Zusammenhang der Ersch\u00f6pfungssyndrome zumindest nicht ausschlie\u00dfen. Viele Mediziner sehen das \u201eeinfache\u201c Fatigue-Syndrom sogar als Vorstufe und sprechen ab einer Krankheitsdauer von \u00fcber sechs Monaten von ME\/CFS.<\/p>\n\n\n<div class=\"box grey-box\"><strong>Gut zu wissen:<\/strong> Stellen Sie nach einer Viruserkrankung, wie etwa Corona oder nach einer Infektion mit dem Eppstein-Barr-Virus, Ersch\u00f6pfungssymptome an sich fest, nehmen Sie die Signale Ihres K\u00f6rpers ernst. Versuchen Sie nicht auf Krampf Ihren Alltag wie vor der Erkrankung zu bew\u00e4ltigen. Noch fataler kann es sein, gegen den eigenen K\u00f6rper zu trainieren und einen Leistungsabfall auf fehlendes Training w\u00e4hrend der Erkrankung zu schieben. Bei l\u00e4nger anhaltenden Beschwerden setzen Sie sich mit geschultem medizinischen Personal in Verbindung und informieren Sie sich gegebenenfalls \u00fcber Ersch\u00f6pfungssymptomatiken, Leistungstraining und <a href=\"https:\/\/www.bett1.de\/infoportal\/ratgeber\/pacing-long-covid-mecfs-hilfe\">Pacing<\/a>.<\/div>\n\n\n\n<h2 class=\"wp-block-heading\" id=\"h-fatigue-als-folge-einer-erkrankung-oder-behandlung\">Fatigue als Folge einer Erkrankung oder Behandlung<\/h2>\n\n\n\n<p>Vieles ist nach wie vor unklar, anhand von Beobachtungen l\u00e4sst sich aber zumindest sagen, dass das Fatigue-Syndrom oftmals im Zuge einer anderen Erkrankung auftritt, also als postvirales Syndrom. Entweder als Begleiterscheinung einer chronischen Krankheit, als Begleiterscheinung einer Behandlung \u2013 wie etwa einer Chemotherapie \u2013 oder als Folge einer vorausgegangenen Erkrankung. So bekommen circa 43\u201360 % aller Parkinson-Erkrankten, 50 % aller Patienten mit Multipler Sklerose (MS) und sch\u00e4tzungsweise 90 % aller Krebs-Patienten irgendwann im Laufe ihrer Erkrankung oder danach das Ersch\u00f6pfungssyndrom.<\/p>\n\n\n<div class=\"wp-block-image\">\n<figure class=\"aligncenter\"><img decoding=\"async\" width=\"1024\" height=\"480\" src=\"https:\/\/storage.googleapis.com\/bett1-328410-infoportal-prod-de\/2020\/09\/bett1_Fatigue-als-Folge-einer-Erkrankung.jpg\" alt=\"Foto: Ein K\u00f6rper liegt in einem Krankenhausbett; am Zeigefinger h\u00e4ngt ein Clipsensor.\" class=\"wp-image-22177\" srcset=\"https:\/\/static.bett1.de\/2020\/09\/bett1_Fatigue-als-Folge-einer-Erkrankung.jpg 1024w, https:\/\/static.bett1.de\/2020\/09\/bett1_Fatigue-als-Folge-einer-Erkrankung-300x141.jpg 300w, https:\/\/static.bett1.de\/2020\/09\/bett1_Fatigue-als-Folge-einer-Erkrankung-768x360.jpg 768w\" sizes=\"(max-width: 1024px) 100vw, 1024px\" \/><\/figure>\n<\/div>\n\n\n<h3 class=\"wp-block-heading\" id=\"h-krebs\"><a id=\"Krebs\" class=\"anchor\"><\/a>Krebs<\/h3>\n\n\n\n<p>Im Zusammenhang mit einer Krebserkrankung ist Fatigue am besten untersucht. Teilweise l\u00e4sst sich sogar die Ursache ermitteln, zum Beispiel, wenn ein Krebspatient Blutarmut (An\u00e4mie) hat oder im Zuge seiner Behandlung eine Strahlen- oder Chemotherapie bekommt. Ist die Ursache bekannt, l\u00e4sst sich die Fatigue mitunter behandeln. Doch selbst wenn klar ist, dass die akute Ersch\u00f6pfung mit einer Krebserkrankung zusammenh\u00e4ngt, l\u00e4sst sich der Ausl\u00f6ser im Einzelfall nicht immer genau bestimmen. Dass eine Krebserkrankung auch eine massive psychische Belastung ist, macht die Spurensuche nicht einfacher. Bei rund 20\u201350 % der Krebspatienten wird die Fatigue chronisch.<\/p>\n\n\n\n<h3 class=\"wp-block-heading\" id=\"h-viruserkrankungen-wie-corona-sars-oder-mers\"><a id=\"postinfektioes\" class=\"anchor\"><\/a>Viruserkrankungen wie Corona, SARS oder MERS<\/h3>\n\n\n\n<p>Dass auf eine Viruserkrankung in vielen F\u00e4llen das Fatigue-Syndrom folgt, wurde bereits in der Vergangenheit beobachtet \u2013 man spricht von postinfekti\u00f6ser Fatigue. Durch die Verbreitung des&nbsp; Coronavirus hat das Thema wieder mehr Aufmerksamkeit bekommen. Verschiedenste Studien deuten darauf hin, dass etwa die H\u00e4lfte bis zwei Drittel aller von Covid-19-Genesenen ein solches postinfekti\u00f6ses Syndrom bekommen. Das jedoch ist Experten zufolge bei einer Virusinfektion dieser Art nichts Ungew\u00f6hnliches \u2013 erstaunlich w\u00e4re dagegen, wie oft Fatigue auch bei Patienten mit einem vermeintlich milden Verlauf auftritt.<\/p>\n\n\n<div class=\"wp-block-image\">\n<figure class=\"aligncenter\"><img decoding=\"async\" width=\"1024\" height=\"500\" src=\"https:\/\/storage.googleapis.com\/bett1-328410-infoportal-prod-de\/2020\/09\/bett1_Fatigue-Virus-als-Ursache.jpg\" alt=\"Foto: Zerkn\u00fcllte und benutzte Taschent\u00fccher, eine Tasse und zwei braune Medizinfl\u00e4schchen auf grauem Grund.\" class=\"wp-image-22149\" srcset=\"https:\/\/static.bett1.de\/2020\/09\/bett1_Fatigue-Virus-als-Ursache.jpg 1024w, https:\/\/static.bett1.de\/2020\/09\/bett1_Fatigue-Virus-als-Ursache-300x146.jpg 300w, https:\/\/static.bett1.de\/2020\/09\/bett1_Fatigue-Virus-als-Ursache-768x375.jpg 768w\" sizes=\"(max-width: 1024px) 100vw, 1024px\" \/><\/figure>\n<\/div>\n\n\n<p>Ungew\u00f6hnlich ist das postvirale Syndrom deshalb nicht, weil es selbst nach einer normalen Erk\u00e4ltung oder einer Influenza (echte Grippe) auftreten kann. Im Falle der von Covid-19-Genesenen l\u00e4sst sich zum jetzigen Zeitpunkt noch nicht absch\u00e4tzen, ob sich bei Betroffenen eine chronische Fatigue (ME\/CFS) als sogenanntes Long-Covid-Syndrom entwickeln wird. Eine Studie <a href=\"https:\/\/www.medrxiv.org\/content\/10.1101\/2020.10.19.20214494v2\" target=\"_blank\" rel=\"noopener\">aus dem Dezember 2020 zu Long-COVID<\/a> zeigt allerdings schon jetzt, dass 2,3 % der Genesenen nach mehr als zw\u00f6lf Wochen noch entsprechende Symptome haben. Langzeitstudien mit Genesenen anderer Coronavirus-Erkrankungen wie SARS oder MERS zeigen, dass solche Nachwirkungen theoretisch \u00fcber Jahre andauern k\u00f6nnen. So berichten 40 % der Probanden einer Hongkonger Studie zu den Langzeitnachwirkungen von SARS selbst vier Jahre nach ihrer Infektion noch vom Ersch\u00f6pfungssyndrom. Etwas mehr Hoffnung gibt eine Untersuchung zum Epstein-Barr-Virus (EBV), dem Ausl\u00f6ser des Pfeifferschen Dr\u00fcsenfiebers: Die Fatigue verschwand in den meisten F\u00e4llen nach sp\u00e4testens sechs Monaten wieder.<br><\/p>\n\n\n<div class=\"box grey-box\"><strong>Gut zu wissen<\/strong>: Nach einer \u00fcberstandenen Covid-19-Erkrankung berichten immer mehr Menschen von Fatigue-\u00e4hnlichen Anzeichen, doch nicht nur davon. H\u00e4ufig kommen Beschwerden wie leichtes Fieber, Magen-Darm-Probleme und Schmerzen aller Art hinzu \u2013 Symptome, die eigentlich nicht dem Fatigue-Syndrom zugeordnet werden k\u00f6nnen. Um die Gesamtheit all dieser Beschwerden zusammenzufassen, haben sich deshalb die Begriffe Long-COVID und <a href=\"https:\/\/www.apotheken-umschau.de\/Coronavirus\/Post-Covid-Syndrom-Erschoepfung-und-Schmerzen-als-Spaetfolge-560073.html\" target=\"_blank\" rel=\"noopener noreferrer\">Post-Covid-Syndrom<\/a> entwickelt. Bei Kindern tritt nach einer h\u00e4ufig unentdeckten COVID-19-Infektion au\u00dferdem immer \u00f6fter <a href=\"https:\/\/www.tagesschau.de\/wissen\/gesundheit\/coronavirus-kinder-pims-syndrom-101.html\" target=\"_blank\" rel=\"noopener\">das postvirale Syndrom PIMS<\/a> auf.<\/div>\n\n\n\n<iframe title=\"YouTube video player\" src=\"https:\/\/www.youtube-nocookie.com\/embed\/BlrolkAG0fc\" width=\"560\" height=\"315\" frameborder=\"0\" allowfullscreen=\"allowfullscreen\"><\/iframe>\n\n\n\n<h2 class=\"wp-block-heading\" id=\"h-me-cfs-myalgische-enzephalomyelitis-chronisches-erschopfungssyndrom\">ME\/CFS \u2013 Myalgische Enzephalomyelitis \/ chronisches Ersch\u00f6pfungssyndrom<\/h2>\n\n\n\n<p>Auch das chronische Ersch\u00f6pfungssyndrom ME\/CFS kann auf eine vorherige Erkrankung folgen, muss es aber nicht. In vielen F\u00e4llen l\u00e4sst sich nicht genau bestimmen, was der Ausl\u00f6ser von ME\/CFS war oder ist \u2013 was nicht zwangsl\u00e4ufig hei\u00dfen muss, dass es keinen gab oder gibt.<\/p>\n\n\n\n<h3 class=\"wp-block-heading\" id=\"h-geschichte-und-namensgebung\"><a id=\"Geschichte\" class=\"anchor\"><\/a>Geschichte und Namensgebung<\/h3>\n\n\n\n<p>Was heute als ME\/CFS bezeichnet wird, wurde erstmals 1955 bei Krankenhausangestellten in New York dokumentiert und \u201ebenigne myalgische Enzephalomyelitis\u201c genannt. Eine Enzephalomyelitis beschreibt eine Gehirnentz\u00fcndung mit R\u00fcckenmarksentz\u00fcndung \u2013 eine damalige erste Diagnose. Bis heute konnte aber kein Zusammenhang mit einer Entz\u00fcndung des Gehirns oder R\u00fcckenmarks nachgewiesen werden. Deshalb wurde diese Bezeichnung immer wieder kritisiert. 1988 schlug eine Expertengruppe der US-amerikanischen Centers for Disease Control and Prevention (CDC; Zentren f\u00fcr Krankheitskontrolle und -pr\u00e4vention) die Bezeichnung Chronic Fatigue Syndrome (CFS) vor. Trotzdem werden heute noch immer beide Namen verwendet und gr\u00f6\u00dftenteils ganz pragmatisch mit ME\/CFS zusammengefasst.<\/p>\n\n\n\n<h3 class=\"wp-block-heading\" id=\"h-was-heute-uber-me-cfs-bekannt-ist\"><a id=\"heute\" class=\"anchor\"><\/a>Was heute \u00fcber ME\/CFS bekannt ist<\/h3>\n\n\n\n<p>Heute nimmt man an, dass es sich bei ME\/CFS um eine systemische Erkrankung handelt \u2013 also eine Erkrankung, die sich auf das gesamte Organsystem auswirkt. Man vermutet dahinter unter anderem eine Fehlregulation des Nerven-, Immun- und Hormonsystems. Die genauen Mechanismen sind aber nach wie vor unbekannt. In Untersuchungen konnten zwar Abweichungen zwischen dem Immunsystem und dem Gehirn von ME\/CFS-Erkrankten und gesunden Menschen festgestellt, aber nicht einheitlich definiert werden.<\/p>\n\n\n<div class=\"wp-block-image\">\n<figure class=\"aligncenter\"><img decoding=\"async\" width=\"1024\" height=\"500\" src=\"https:\/\/storage.googleapis.com\/bett1-328410-infoportal-prod-de\/2020\/09\/bett1_Fatique-EEG.jpg\" alt=\"Foto: Blick auf einen Hinterkopf mit einer Haube an der Sensoren und Kabel befestigt sind.\" class=\"wp-image-22272\" srcset=\"https:\/\/static.bett1.de\/2020\/09\/bett1_Fatique-EEG.jpg 1024w, https:\/\/static.bett1.de\/2020\/09\/bett1_Fatique-EEG-300x146.jpg 300w, https:\/\/static.bett1.de\/2020\/09\/bett1_Fatique-EEG-768x375.jpg 768w\" sizes=\"(max-width: 1024px) 100vw, 1024px\" \/><\/figure>\n<\/div>\n\n\n<h2 class=\"wp-block-heading\" id=\"h-fatigue-und-me-csf-die-rolle-des-immunsystems\">Fatigue und ME\/CSF: die Rolle des Immunsystems<\/h2>\n\n\n\n<p>Die \u00dcberbegriffe Autoimmunerkrankung oder Autoimmunkrankheit beschreiben in der Medizin jene Krankheiten, bei denen eine St\u00f6rung des Immunsystems dazu f\u00fchrt, dass der Organismus Antik\u00f6rper gegen sich selbst bildet. Viele Experten vermuten heute, dass es sich bei ME\/CFS um eine Autoimmunerkrankung handeln k\u00f6nnte. Belegt werden konnte das bisher nicht, doch auch bei der akuten postviralen Fatigue gehen Experten davon aus, dass das Immunsystem involviert ist. So besteht schon seit l\u00e4ngerem die Annahme, die auf eine Infektion folgende Fatigue w\u00e4re ein Regenerationsprozess oder eine Ersch\u00f6pfungsphase des \u00fcberbeanspruchten Immunsystems.<\/p>\n\n\n\n<h2 class=\"wp-block-heading\" id=\"h-wie-mit-fatigue-umgehen\">Wie mit Fatigue umgehen?<\/h2>\n\n\n\n<p>Betroffene berichten sehr h\u00e4ufig davon, dass ihre Beschwerden von den meisten \u00c4rzten nicht ernst genug genommen werden. Das d\u00fcrfte sicher auch der Tatsache geschuldet sein, dass noch immer so wenig \u00fcber die verschiedenen Formen der Fatigue bekannt ist. Ebenfalls problematisch bei der Diagnose ist, dass sich viele Symptome von denen psychischer St\u00f6rungen, wie etwa Depression, nur schwer unterscheiden lassen. Schnell wird deshalb die falsche Diagnose gestellt. Die korrekte Diagnose ist aber wichtig, um gegebenenfalls Ma\u00dfnahmen ergreifen zu k\u00f6nnen, zumindest aber die Patienten nicht noch zus\u00e4tzlich zu belasten. Denn w\u00e4hrend bei einem akuten Ersch\u00f6pfungssyndrom Beobachtungen gezeigt haben, dass Bewegung ein Ausweg sein kann, wirkt sich diese bei einem chronischen Ersch\u00f6pfungssyndrom kontraproduktiv aus. <a href=\"https:\/\/www.fatigatio.de\/wir-fuer-sie\/regionalgruppen\" target=\"_blank\" rel=\"noreferrer noopener\">Selbsthilfegruppen<\/a> k\u00f6nnen Betroffene auf dem Weg zur richtigen Diagnose unterst\u00fctzend begleiten.<\/p>\n\n\n<div class=\"wp-block-image\">\n<figure class=\"aligncenter\"><img decoding=\"async\" width=\"1024\" height=\"410\" src=\"https:\/\/storage.googleapis.com\/bett1-328410-infoportal-prod-de\/2020\/09\/bett1_Fatigue-Selbsthilfegruppe-1.jpg\" alt=\"Foto: Personen sitzen in einem Stuhlkreis zusammen.\" class=\"wp-image-22181\" srcset=\"https:\/\/static.bett1.de\/2020\/09\/bett1_Fatigue-Selbsthilfegruppe-1.jpg 1024w, https:\/\/static.bett1.de\/2020\/09\/bett1_Fatigue-Selbsthilfegruppe-1-300x120.jpg 300w, https:\/\/static.bett1.de\/2020\/09\/bett1_Fatigue-Selbsthilfegruppe-1-768x308.jpg 768w\" sizes=\"(max-width: 1024px) 100vw, 1024px\" \/><\/figure>\n<\/div>\n\n\n<p><\/p>\n\n\n<div class=\"box grey-box\"><\/p>\n<h3>Wie zeigt sich Fatigue?<\/h3>\n<p>Fatigue bezeichnet eine starke Ersch\u00f6pfung und Antriebslosigkeit, die in keinem Verh\u00e4ltnis zu vorherigen Anstrengungen steht. Betroffene sind meist derart abgeschlagen, dass sie den Alltag kaum bew\u00e4ltigen k\u00f6nnen. Das Chronic Fatigue-Syndrom (CFS) ist in seiner Symptomatik sehr \u00e4hnlich, ist jedoch als eigenst\u00e4ndiges Krankheitsbild anerkannt.<\/p>\n<h3>Wann tritt das Fatigue Syndrom auf?<\/h3>\n<p>Die Ursachen zur Entstehung von Fatigue sind nach wie vor nicht genau gekl\u00e4rt. Fest steht aber, dass das Syndrom oftmals als Folge oder Begleiterscheinung einer anderen Erkrankung auftritt, wie beispielsweise bei Krebs, Multipler Sklerose oder Parkinson. Auch Genesene von Viruserkrankungen, wie dem pandemischen Coronavirus (SARS-CoV-2 \/ COVID-19), scheinen h\u00e4ufig am Fatigue-Syndrom zu erkranken.<\/p>\n<h3>Was hilft bei Fatigue Syndrom?<\/h3>\n<p>K\u00f6rperliche Aktivit\u00e4ten k\u00f6nnen Betroffenen bei \u201enormaler\u201c Fatigue helfen, sich zwischenzeitlich besser zu f\u00fchlen. Beobachtungen zeigen allerdings, dass k\u00f6rperliche Bewegung dagegen bei CFS sch\u00e4dlich sein kann. Deshalb ist eine genaue Diagnosestellung im Vorfeld wichtig, um beide Ersch\u00f6pfungsformen voneinander zu unterscheiden. Die richtige Diagnose gestaltet sich jedoch oftmals schwierig, weil die Symptome entweder nicht ernst genommen oder mit psychischen Erkrankungen verwechselt werden.<\/div>\n","protected":false},"excerpt":{"rendered":"<p>Als Fatigue wird starke Ersch\u00f6pfung und Antriebslosigkeit bezeichnet, die in keinem Verh\u00e4ltnis zu vorherigen Anstrengungen steht. Oft ist Fatigue die Folge oder Begleiterscheinung einer anderen Erkrankung \u2013 wie zum Beispiel Krebs, Multipler Sklerose oder Parkinson. Auch Genesene von Viruserkrankungen, wie durch das Coronavirus (SARS-CoV-2 \/ COVID-19) verursachte, scheinen h\u00e4ufig an diesem Syndrom zu erkranken. Betroffene [&hellip;]<\/p>\n","protected":false},"author":22,"featured_media":22403,"comment_status":"closed","ping_status":"closed","sticky":false,"template":"","format":"standard","meta":{"_acf_changed":false,"footnotes":""},"categories":[4],"tags":[8985,8022,9344,9342,7231],"class_list":["post-21953","post","type-post","status-publish","format-standard","has-post-thumbnail","hentry","category-schlafgeschichten","tag-chronische-muedigkeit","tag-corona","tag-erschoepfungssyndrom","tag-fatigue","tag-schlafkrankheit"],"acf":[],"yoast_head":"<!-- This site is optimized with the Yoast SEO Premium plugin v26.8 (Yoast SEO v26.9-RC2) - https:\/\/yoast.com\/product\/yoast-seo-premium-wordpress\/ -->\n<title>Fatigue: ein r\u00e4tselhaftes Ersch\u00f6pfungssyndrom - Wir sind Matratze<\/title>\n<meta name=\"description\" content=\"Real, aber r\u00e4tselhaft: Das Fatigue-Syndrom und ME\/CFS sind schwer zu verstehen \u2794 Hier lesen Sie mehr zum aktuellen Stand der Wissenschaft.\" \/>\n<meta name=\"robots\" content=\"index, follow, max-snippet:-1, max-image-preview:large, max-video-preview:-1\" \/>\n<link rel=\"canonical\" href=\"https:\/\/www.bett1.de\/infoportal\/schlafgeschichten\/fatigue-syndrom-cfs-chronisches-erschoepfungssyndrom-long-covid\/\" \/>\n<meta property=\"og:locale\" content=\"de_DE\" \/>\n<meta property=\"og:type\" content=\"article\" \/>\n<meta property=\"og:title\" content=\"Fatigue: ein r\u00e4tselhaftes Ersch\u00f6pfungssyndrom\" \/>\n<meta property=\"og:description\" content=\"Real, aber r\u00e4tselhaft: Das Fatigue-Syndrom und ME\/CFS sind schwer zu verstehen \u2794 Hier lesen Sie mehr zum aktuellen Stand der Wissenschaft.\" \/>\n<meta property=\"og:url\" content=\"https:\/\/www.bett1.de\/infoportal\/schlafgeschichten\/fatigue-syndrom-cfs-chronisches-erschoepfungssyndrom-long-covid\" \/>\n<meta property=\"og:site_name\" content=\"Wir sind Matratze\" \/>\n<meta property=\"article:publisher\" content=\"https:\/\/www.facebook.com\/bett1.de\" \/>\n<meta property=\"article:published_time\" content=\"2020-09-29T08:00:08+00:00\" \/>\n<meta property=\"article:modified_time\" content=\"2023-08-17T11:48:31+00:00\" \/>\n<meta property=\"og:image\" content=\"https:\/\/static.bett1.de\/2020\/09\/bett1_Fatigue_Header.jpg\" \/>\n\t<meta property=\"og:image:width\" content=\"1260\" \/>\n\t<meta property=\"og:image:height\" content=\"690\" \/>\n\t<meta property=\"og:image:type\" content=\"image\/jpeg\" \/>\n<meta name=\"author\" content=\"David Rist\" \/>\n<script type=\"application\/ld+json\" class=\"yoast-schema-graph\">{\"@context\":\"https:\/\/schema.org\",\"@graph\":[{\"@type\":\"Article\",\"@id\":\"https:\/\/www.bett1.de\/infoportal\/schlafgeschichten\/fatigue-syndrom-cfs-chronisches-erschoepfungssyndrom-long-covid#article\",\"isPartOf\":{\"@id\":\"https:\/\/www.bett1.de\/infoportal\/schlafgeschichten\/fatigue-syndrom-cfs-chronisches-erschoepfungssyndrom-long-covid\"},\"author\":{\"name\":\"David Rist\",\"@id\":\"https:\/\/www.bett1.de\/infoportal\/#\/schema\/person\/107af5588b3b22cfce38bd5f1d0ef7cb\"},\"headline\":\"Fatigue: ein r\u00e4tselhaftes Ersch\u00f6pfungssyndrom\",\"datePublished\":\"2020-09-29T08:00:08+00:00\",\"dateModified\":\"2023-08-17T11:48:31+00:00\",\"mainEntityOfPage\":{\"@id\":\"https:\/\/www.bett1.de\/infoportal\/schlafgeschichten\/fatigue-syndrom-cfs-chronisches-erschoepfungssyndrom-long-covid\"},\"wordCount\":1681,\"image\":{\"@id\":\"https:\/\/www.bett1.de\/infoportal\/schlafgeschichten\/fatigue-syndrom-cfs-chronisches-erschoepfungssyndrom-long-covid#primaryimage\"},\"thumbnailUrl\":\"https:\/\/static.bett1.de\/2020\/09\/bett1_Fatigue_Header.jpg\",\"keywords\":[\"chronische M\u00fcdigkeit\",\"Corona\",\"Ersch\u00f6pfungssyndrom\",\"fatigue\",\"Schlafkrankheit\"],\"articleSection\":[\"Schlafgeschichten\"],\"inLanguage\":\"de-DE\"},{\"@type\":\"WebPage\",\"@id\":\"https:\/\/www.bett1.de\/infoportal\/schlafgeschichten\/fatigue-syndrom-cfs-chronisches-erschoepfungssyndrom-long-covid\",\"url\":\"https:\/\/www.bett1.de\/infoportal\/schlafgeschichten\/fatigue-syndrom-cfs-chronisches-erschoepfungssyndrom-long-covid\",\"name\":\"Fatigue: ein r\u00e4tselhaftes Ersch\u00f6pfungssyndrom - Wir sind Matratze\",\"isPartOf\":{\"@id\":\"https:\/\/www.bett1.de\/infoportal\/#website\"},\"primaryImageOfPage\":{\"@id\":\"https:\/\/www.bett1.de\/infoportal\/schlafgeschichten\/fatigue-syndrom-cfs-chronisches-erschoepfungssyndrom-long-covid#primaryimage\"},\"image\":{\"@id\":\"https:\/\/www.bett1.de\/infoportal\/schlafgeschichten\/fatigue-syndrom-cfs-chronisches-erschoepfungssyndrom-long-covid#primaryimage\"},\"thumbnailUrl\":\"https:\/\/static.bett1.de\/2020\/09\/bett1_Fatigue_Header.jpg\",\"datePublished\":\"2020-09-29T08:00:08+00:00\",\"dateModified\":\"2023-08-17T11:48:31+00:00\",\"author\":{\"@id\":\"https:\/\/www.bett1.de\/infoportal\/#\/schema\/person\/107af5588b3b22cfce38bd5f1d0ef7cb\"},\"description\":\"Real, aber r\u00e4tselhaft: Das Fatigue-Syndrom und ME\/CFS sind schwer zu verstehen \u2794 Hier lesen Sie mehr zum aktuellen Stand der Wissenschaft.\",\"breadcrumb\":{\"@id\":\"https:\/\/www.bett1.de\/infoportal\/schlafgeschichten\/fatigue-syndrom-cfs-chronisches-erschoepfungssyndrom-long-covid#breadcrumb\"},\"inLanguage\":\"de-DE\",\"potentialAction\":[{\"@type\":\"ReadAction\",\"target\":[\"https:\/\/www.bett1.de\/infoportal\/schlafgeschichten\/fatigue-syndrom-cfs-chronisches-erschoepfungssyndrom-long-covid\"]}]},{\"@type\":\"ImageObject\",\"inLanguage\":\"de-DE\",\"@id\":\"https:\/\/www.bett1.de\/infoportal\/schlafgeschichten\/fatigue-syndrom-cfs-chronisches-erschoepfungssyndrom-long-covid#primaryimage\",\"url\":\"https:\/\/static.bett1.de\/2020\/09\/bett1_Fatigue_Header.jpg\",\"contentUrl\":\"https:\/\/static.bett1.de\/2020\/09\/bett1_Fatigue_Header.jpg\",\"width\":1260,\"height\":690,\"caption\":\"Symbolfoto Fatigue Syndrom: Die dunkle Silhouette einer Person steht vor einer aufgeklappten Jalousie. Sie fasst sich an den leicht nach vorne gebeugten Kopf.\"},{\"@type\":\"BreadcrumbList\",\"@id\":\"https:\/\/www.bett1.de\/infoportal\/schlafgeschichten\/fatigue-syndrom-cfs-chronisches-erschoepfungssyndrom-long-covid#breadcrumb\",\"itemListElement\":[{\"@type\":\"ListItem\",\"position\":1,\"name\":\"Startseite\",\"item\":\"https:\/\/www.bett1.de\/infoportal\"},{\"@type\":\"ListItem\",\"position\":2,\"name\":\"Fatigue: ein r\u00e4tselhaftes Ersch\u00f6pfungssyndrom\"}]},{\"@type\":\"WebSite\",\"@id\":\"https:\/\/www.bett1.de\/infoportal\/#website\",\"url\":\"https:\/\/www.bett1.de\/infoportal\/\",\"name\":\"bett1.de\/infoportal\",\"description\":\"Das Infoportal von bett1.de\",\"potentialAction\":[{\"@type\":\"SearchAction\",\"target\":{\"@type\":\"EntryPoint\",\"urlTemplate\":\"https:\/\/www.bett1.de\/infoportal\/?s={search_term_string}\"},\"query-input\":{\"@type\":\"PropertyValueSpecification\",\"valueRequired\":true,\"valueName\":\"search_term_string\"}}],\"inLanguage\":\"de-DE\"},{\"@type\":\"Person\",\"@id\":\"https:\/\/www.bett1.de\/infoportal\/#\/schema\/person\/107af5588b3b22cfce38bd5f1d0ef7cb\",\"name\":\"David Rist\"}]}<\/script>\n<!-- \/ Yoast SEO Premium plugin. -->","yoast_head_json":{"title":"Fatigue: ein r\u00e4tselhaftes Ersch\u00f6pfungssyndrom - Wir sind Matratze","description":"Real, aber r\u00e4tselhaft: Das Fatigue-Syndrom und ME\/CFS sind schwer zu verstehen \u2794 Hier lesen Sie mehr zum aktuellen Stand der Wissenschaft.","robots":{"index":"index","follow":"follow","max-snippet":"max-snippet:-1","max-image-preview":"max-image-preview:large","max-video-preview":"max-video-preview:-1"},"canonical":"https:\/\/www.bett1.de\/infoportal\/schlafgeschichten\/fatigue-syndrom-cfs-chronisches-erschoepfungssyndrom-long-covid\/","og_locale":"de_DE","og_type":"article","og_title":"Fatigue: ein r\u00e4tselhaftes Ersch\u00f6pfungssyndrom","og_description":"Real, aber r\u00e4tselhaft: Das Fatigue-Syndrom und ME\/CFS sind schwer zu verstehen \u2794 Hier lesen Sie mehr zum aktuellen Stand der Wissenschaft.","og_url":"https:\/\/www.bett1.de\/infoportal\/schlafgeschichten\/fatigue-syndrom-cfs-chronisches-erschoepfungssyndrom-long-covid","og_site_name":"Wir sind Matratze","article_publisher":"https:\/\/www.facebook.com\/bett1.de","article_published_time":"2020-09-29T08:00:08+00:00","article_modified_time":"2023-08-17T11:48:31+00:00","og_image":[{"width":1260,"height":690,"url":"https:\/\/static.bett1.de\/2020\/09\/bett1_Fatigue_Header.jpg","type":"image\/jpeg"}],"author":"David Rist","schema":{"@context":"https:\/\/schema.org","@graph":[{"@type":"Article","@id":"https:\/\/www.bett1.de\/infoportal\/schlafgeschichten\/fatigue-syndrom-cfs-chronisches-erschoepfungssyndrom-long-covid#article","isPartOf":{"@id":"https:\/\/www.bett1.de\/infoportal\/schlafgeschichten\/fatigue-syndrom-cfs-chronisches-erschoepfungssyndrom-long-covid"},"author":{"name":"David Rist","@id":"https:\/\/www.bett1.de\/infoportal\/#\/schema\/person\/107af5588b3b22cfce38bd5f1d0ef7cb"},"headline":"Fatigue: ein r\u00e4tselhaftes Ersch\u00f6pfungssyndrom","datePublished":"2020-09-29T08:00:08+00:00","dateModified":"2023-08-17T11:48:31+00:00","mainEntityOfPage":{"@id":"https:\/\/www.bett1.de\/infoportal\/schlafgeschichten\/fatigue-syndrom-cfs-chronisches-erschoepfungssyndrom-long-covid"},"wordCount":1681,"image":{"@id":"https:\/\/www.bett1.de\/infoportal\/schlafgeschichten\/fatigue-syndrom-cfs-chronisches-erschoepfungssyndrom-long-covid#primaryimage"},"thumbnailUrl":"https:\/\/static.bett1.de\/2020\/09\/bett1_Fatigue_Header.jpg","keywords":["chronische M\u00fcdigkeit","Corona","Ersch\u00f6pfungssyndrom","fatigue","Schlafkrankheit"],"articleSection":["Schlafgeschichten"],"inLanguage":"de-DE"},{"@type":"WebPage","@id":"https:\/\/www.bett1.de\/infoportal\/schlafgeschichten\/fatigue-syndrom-cfs-chronisches-erschoepfungssyndrom-long-covid","url":"https:\/\/www.bett1.de\/infoportal\/schlafgeschichten\/fatigue-syndrom-cfs-chronisches-erschoepfungssyndrom-long-covid","name":"Fatigue: ein r\u00e4tselhaftes Ersch\u00f6pfungssyndrom - Wir sind Matratze","isPartOf":{"@id":"https:\/\/www.bett1.de\/infoportal\/#website"},"primaryImageOfPage":{"@id":"https:\/\/www.bett1.de\/infoportal\/schlafgeschichten\/fatigue-syndrom-cfs-chronisches-erschoepfungssyndrom-long-covid#primaryimage"},"image":{"@id":"https:\/\/www.bett1.de\/infoportal\/schlafgeschichten\/fatigue-syndrom-cfs-chronisches-erschoepfungssyndrom-long-covid#primaryimage"},"thumbnailUrl":"https:\/\/static.bett1.de\/2020\/09\/bett1_Fatigue_Header.jpg","datePublished":"2020-09-29T08:00:08+00:00","dateModified":"2023-08-17T11:48:31+00:00","author":{"@id":"https:\/\/www.bett1.de\/infoportal\/#\/schema\/person\/107af5588b3b22cfce38bd5f1d0ef7cb"},"description":"Real, aber r\u00e4tselhaft: Das Fatigue-Syndrom und ME\/CFS sind schwer zu verstehen \u2794 Hier lesen Sie mehr zum aktuellen Stand der Wissenschaft.","breadcrumb":{"@id":"https:\/\/www.bett1.de\/infoportal\/schlafgeschichten\/fatigue-syndrom-cfs-chronisches-erschoepfungssyndrom-long-covid#breadcrumb"},"inLanguage":"de-DE","potentialAction":[{"@type":"ReadAction","target":["https:\/\/www.bett1.de\/infoportal\/schlafgeschichten\/fatigue-syndrom-cfs-chronisches-erschoepfungssyndrom-long-covid"]}]},{"@type":"ImageObject","inLanguage":"de-DE","@id":"https:\/\/www.bett1.de\/infoportal\/schlafgeschichten\/fatigue-syndrom-cfs-chronisches-erschoepfungssyndrom-long-covid#primaryimage","url":"https:\/\/static.bett1.de\/2020\/09\/bett1_Fatigue_Header.jpg","contentUrl":"https:\/\/static.bett1.de\/2020\/09\/bett1_Fatigue_Header.jpg","width":1260,"height":690,"caption":"Symbolfoto Fatigue Syndrom: Die dunkle Silhouette einer Person steht vor einer aufgeklappten Jalousie. Sie fasst sich an den leicht nach vorne gebeugten Kopf."},{"@type":"BreadcrumbList","@id":"https:\/\/www.bett1.de\/infoportal\/schlafgeschichten\/fatigue-syndrom-cfs-chronisches-erschoepfungssyndrom-long-covid#breadcrumb","itemListElement":[{"@type":"ListItem","position":1,"name":"Startseite","item":"https:\/\/www.bett1.de\/infoportal"},{"@type":"ListItem","position":2,"name":"Fatigue: ein r\u00e4tselhaftes Ersch\u00f6pfungssyndrom"}]},{"@type":"WebSite","@id":"https:\/\/www.bett1.de\/infoportal\/#website","url":"https:\/\/www.bett1.de\/infoportal\/","name":"bett1.de\/infoportal","description":"Das Infoportal von bett1.de","potentialAction":[{"@type":"SearchAction","target":{"@type":"EntryPoint","urlTemplate":"https:\/\/www.bett1.de\/infoportal\/?s={search_term_string}"},"query-input":{"@type":"PropertyValueSpecification","valueRequired":true,"valueName":"search_term_string"}}],"inLanguage":"de-DE"},{"@type":"Person","@id":"https:\/\/www.bett1.de\/infoportal\/#\/schema\/person\/107af5588b3b22cfce38bd5f1d0ef7cb","name":"David Rist"}]}},"_links":{"self":[{"href":"https:\/\/www.bett1.de\/infoportal\/wp-json\/wp\/v2\/posts\/21953","targetHints":{"allow":["GET"]}}],"collection":[{"href":"https:\/\/www.bett1.de\/infoportal\/wp-json\/wp\/v2\/posts"}],"about":[{"href":"https:\/\/www.bett1.de\/infoportal\/wp-json\/wp\/v2\/types\/post"}],"author":[{"embeddable":true,"href":"https:\/\/www.bett1.de\/infoportal\/wp-json\/wp\/v2\/users\/22"}],"replies":[{"embeddable":true,"href":"https:\/\/www.bett1.de\/infoportal\/wp-json\/wp\/v2\/comments?post=21953"}],"version-history":[{"count":95,"href":"https:\/\/www.bett1.de\/infoportal\/wp-json\/wp\/v2\/posts\/21953\/revisions"}],"predecessor-version":[{"id":59859,"href":"https:\/\/www.bett1.de\/infoportal\/wp-json\/wp\/v2\/posts\/21953\/revisions\/59859"}],"wp:featuredmedia":[{"embeddable":true,"href":"https:\/\/www.bett1.de\/infoportal\/wp-json\/wp\/v2\/media\/22403"}],"wp:attachment":[{"href":"https:\/\/www.bett1.de\/infoportal\/wp-json\/wp\/v2\/media?parent=21953"}],"wp:term":[{"taxonomy":"category","embeddable":true,"href":"https:\/\/www.bett1.de\/infoportal\/wp-json\/wp\/v2\/categories?post=21953"},{"taxonomy":"post_tag","embeddable":true,"href":"https:\/\/www.bett1.de\/infoportal\/wp-json\/wp\/v2\/tags?post=21953"}],"curies":[{"name":"wp","href":"https:\/\/api.w.org\/{rel}","templated":true}]}}