{"id":24758,"date":"2021-03-18T11:00:41","date_gmt":"2021-03-18T10:00:41","guid":{"rendered":"https:\/\/www.bett1.de\/infoportal\/?p=24758"},"modified":"2025-04-07T16:32:11","modified_gmt":"2025-04-07T14:32:11","slug":"tagesbett-bett-sofa","status":"publish","type":"post","link":"https:\/\/www.bett1.de\/infoportal\/glossar\/tagesbett-bett-sofa","title":{"rendered":"Das Tagesbett: Kreuzung aus Bett und Sofa"},"content":{"rendered":"\n<p>Als Mischform aus Sofa und Bett ist ein Tagesbett eine schmale Alternative zu einem <a href=\"https:\/\/www.bett1.de\/infoportal\/glossar\/schlafsofa-schlafcouch-bettsofa-klappsofa-bettcouch\">Schlafsofa<\/a>. Es gilt einerseits als M\u00f6belst\u00fcck, das f\u00fcr den kurzen <a href=\"https:\/\/www.bett1.de\/infoportal\/schlafgeschichten\/mittagsschlaf\">Mittagsschlaf<\/a> w\u00e4hrend des Tages gedacht ist, aber auch als Sitzgelegenheit oder \u00dcbernachtungsm\u00f6glichkeit f\u00fcr spontane G\u00e4ste eingesetzt werden kann. Andererseits findet ein Tagesbett oft auf engstem Raum Verwendung, um Platz zu sparen. Anbieter preisen es h\u00e4ufig als Inbegriff der Multifunktionalit\u00e4t an. Je nach Hersteller wird es ebenfalls Sofabett oder Daybed genannt. Generell scheint eine Kreuzung aus Sitz- und Schlaffunktion fraglich, da die Qualit\u00e4t beider Verwendungen in der Bauweise eines M\u00f6belst\u00fccks schwierig umzusetzen ist.<\/p>\n\n\n<nav id=\"sommaire-article\"><a href=\"#was-macht-ein-tagesbett-aus\" class=\"title_lvl2\"><span class=\"title_lvl\">1. <\/span>Was macht ein Tagesbett aus?<\/a><a href=\"#gaengige-masse-normales-sofa-als-einzel-und-doppelbett\" class=\"title_lvl2\"><span class=\"title_lvl\">2. <\/span>G\u00e4ngige Ma\u00dfe - normales Sofa als Einzel- und Doppelbett<\/a><a href=\"#gepolsterte-tagesbank\" class=\"title_lvl2\"><span class=\"title_lvl\">3. <\/span>Gepolsterte Tagesbank<\/a><a href=\"#tagesbett-zum-ausziehen\" class=\"title_lvl2\"><span class=\"title_lvl\">4. <\/span>Tagesbett zum Ausziehen<\/a><a href=\"#tagesbett-zum-ausklappen\" class=\"title_lvl2\"><span class=\"title_lvl\">5. <\/span>Tagesbett zum Ausklappen<\/a><a href=\"#kann-ein-tagesbett-wie-ein-bett-funktionieren\" class=\"title_lvl2\"><span class=\"title_lvl\">6. <\/span>Kann ein Tagesbett wie ein Bett funktionieren?<\/a><\/nav>\n\n\n\n<h2 class=\"wp-block-heading\" id=\"h-was-macht-ein-tagesbett-aus\">Was macht ein Tagesbett aus?<\/h2>\n\n\n\n<p>Ein Tagesbett gilt als Oberbegriff f\u00fcr verschiedenste Bauweisen und Materialien, weshalb Verwendung und Qualit\u00e4t stark variieren. Allgemein ist zwischen ausziehbaren und ausklappbaren Ausf\u00fchrungen zu unterscheiden. Zudem gibt es simple Tagesbettgestelle und gepolsterte Varianten, die f\u00fcr eine kurze Verschnaufpause nicht umgebaut werden m\u00fcssen. Hersteller nennen diese Modelle ebenfalls Tagesb\u00e4nke oder Chaiselongues.<\/p>\n\n\n\n<p>Ein Sofabett ist in der Regel mit einer Liegefl\u00e4che f\u00fcr eine einzelne Person konzipiert. Ist es als ausbaubare Doppelbett-Variante erh\u00e4ltlich, handelt es sich fast immer um eine ausziehbare oder ausklappbare Bauweise.<\/p>\n\n\n<div class=\"wp-block-image\">\n<figure class=\"aligncenter\"><img decoding=\"async\" width=\"1024\" height=\"500\" src=\"https:\/\/storage.googleapis.com\/bett1-328410-infoportal-prod-de\/2021\/03\/bett1_tagesbett_mit_lattenrost.jpg\" alt=\"Zwei Fotos: Links ein nicht ausgefahrenes Tagesbett. Rechts ein ausgezogenen Tagesbett ohne Matratze mit Holzleisten.\" class=\"wp-image-25120\" srcset=\"https:\/\/static.bett1.de\/2021\/03\/bett1_tagesbett_mit_lattenrost.jpg 1024w, https:\/\/static.bett1.de\/2021\/03\/bett1_tagesbett_mit_lattenrost-300x146.jpg 300w, https:\/\/static.bett1.de\/2021\/03\/bett1_tagesbett_mit_lattenrost-768x375.jpg 768w\" sizes=\"(max-width: 1024px) 100vw, 1024px\" \/><\/figure>\n<\/div>\n\n\n<p>Im Unterschied zu vielen Schlafsofas zeichnen sich Tagesbetten dadurch aus, dass sie statt aufgepolsterten Gestellen mit Stahlfedern \u00fcberwiegend <a href=\"https:\/\/www.bett1.de\/lattenroste\">Lattenroste aus Holzleisten<\/a>&nbsp;besitzen. Diese sind entweder starr oder federnd. Dar\u00fcber hinaus gibt es puristische Varianten ohne Lattenroste, die Liegen gleichen.<\/p>\n\n\n\n<p>Falls Sie sich ein Sofabett kaufen m\u00f6chten, m\u00fcssen Sie damit rechnen, zus\u00e4tzlich eine Matratze zu kaufen, denn Matratzen sind f\u00fcr Sofabetten fast nie im Preis mit inbegriffen. Sehr teure Modelle werden dagegen h\u00e4ufig mit Matratzen angeboten, manchmal sogar mit der Option, zwischen zwei Matratzen w\u00e4hlen zu k\u00f6nnen. Neben den Ma\u00dfen der Liegefl\u00e4che ist beim Kauf einer Matratze auf deren H\u00f6he zu achten, damit sie zur Bauweise des Tagesbetts passt.<\/p>\n\n\n\n<div class=\"cat_container cat_container_option_dark \">\n<figure><a href=\"https:\/\/www.bett1.de\/produkte\/bodyguard-anti-kartell-matratze\"><img decoding=\"async\" class=\"cat_image\" src=\"https:\/\/storage.googleapis.com\/bett1-328410-infoportal-prod-de\/2020\/12\/bett1_produkt_breit_bodyguard_matratze_bezug_nah.jpg\" alt=\"Die BODYGUARD\u00ae Anti-Kartell-Matratze mit dem HyBreeze Funktionsbezug\"><\/a><\/figure><p><\/p>\n<div class=\"cat_bouton cat_bouton_option_left cat_bouton_option_red\">\n<p>Bodyguard Matratze kaufen<\/p>\n<\/div>\n<\/div>\n\n\n\n<p>Da ein Daybed sowohl zum Schlafen einl\u00e4dt als auch als Sitzgelegenheit funktioniert, muss der Bezug robust sein, um Abnutzungserscheinungen vorzubeugen. H\u00e4ufiges Material ist reiner oder gemischter Polyester sowie Samt. Teure Varianten besitzen oft Bez\u00fcge aus Leder.<\/p>\n\n\n\n<h2 class=\"wp-block-heading\" id=\"h-gangige-masse-normales-sofa-als-einzel-und-doppelbett\">G\u00e4ngige Ma\u00dfe &#8211; normales Sofa als Einzel- und Doppelbett<\/h2>\n\n\n\n<p>Das Standardma\u00df f\u00fcr Erwachsene hat eine L\u00e4nge von 200 cm, jedoch sind auch k\u00fcrzere Ma\u00dfe von 190 cm oder l\u00e4ngere Ma\u00dfe von 210 cm erh\u00e4ltlich. Ein Tagesbett ist in der schmalsten Ausf\u00fchrung mit 70 cm Breite erh\u00e4ltlich und mit steigender Gr\u00f6\u00dfe auch als Tagesbett 80&#215;200. Der Klassiker ist das Tagesbett 90&#215;200. Ausf\u00fchrungen mit 100 cm Liegebreite sind auch erh\u00e4ltlich, aber eher die Ausnahme.<\/p>\n\n\n\n<h2 class=\"wp-block-heading\" id=\"h-gepolsterte-tagesbank\">Gepolsterte Tagesbank<\/h2>\n\n\n<div class=\"wp-block-image\">\n<figure class=\"aligncenter\"><img decoding=\"async\" width=\"1024\" height=\"497\" src=\"https:\/\/storage.googleapis.com\/bett1-328410-infoportal-prod-de\/2021\/03\/bett1_tagesbett_gepolstert.jpg\" alt=\"Foto: Eine gepolsterte Tagesbank mit R\u00fcckenlehne vor einer gro\u00dfen Fensterfront.\" class=\"wp-image-25121\" srcset=\"https:\/\/static.bett1.de\/2021\/03\/bett1_tagesbett_gepolstert.jpg 1024w, https:\/\/static.bett1.de\/2021\/03\/bett1_tagesbett_gepolstert-300x146.jpg 300w, https:\/\/static.bett1.de\/2021\/03\/bett1_tagesbett_gepolstert-768x373.jpg 768w\" sizes=\"(max-width: 1024px) 100vw, 1024px\" \/><\/figure>\n<\/div>\n\n\n<p>Besonders minimalistisch sind freistehende, aufgepolsterte Tagesb\u00e4nke, die nicht umzubauen sind. Ein Schaumkern etwa aus Kaltschaum, der das innere Gestell umgibt, ersetzt die Matratze. Ein Lattenrost fehlt normalerweise, kann jedoch im seltenen Fall mit eingebaut sein. Tagesb\u00e4nke haben h\u00e4ufig abnehmbare Kopfrollen oder gr\u00f6\u00dfere Kissen, die als R\u00fccken- und Armlehne funktionieren.<\/p>\n\n\n\n<h2 class=\"wp-block-heading\" id=\"h-tagesbett-zum-ausziehen\">Tagesbett zum Ausziehen<\/h2>\n\n\n<div class=\"wp-block-image\">\n<figure class=\"aligncenter\"><img decoding=\"async\" width=\"1024\" height=\"500\" src=\"https:\/\/storage.googleapis.com\/bett1-328410-infoportal-prod-de\/2021\/03\/bett1_tagesbett_ausziehabr_details_verstaumoeglichkeiten-1.jpg\" alt=\"3D-Animation: Links: Ein ausgefahrenes Tagesbett mit Bodyguard Matratze. Rechts: Eine Schublade gef\u00fcllt mit Bettbezug.\" class=\"wp-image-25125\" srcset=\"https:\/\/static.bett1.de\/2021\/03\/bett1_tagesbett_ausziehabr_details_verstaumoeglichkeiten-1.jpg 1024w, https:\/\/static.bett1.de\/2021\/03\/bett1_tagesbett_ausziehabr_details_verstaumoeglichkeiten-1-300x146.jpg 300w, https:\/\/static.bett1.de\/2021\/03\/bett1_tagesbett_ausziehabr_details_verstaumoeglichkeiten-1-768x375.jpg 768w\" sizes=\"(max-width: 1024px) 100vw, 1024px\" \/><\/figure>\n<\/div>\n\n\n<p>Das Tagesbett zum Ausziehen ist besonders popul\u00e4r f\u00fcr Menschen mit wenig Platz. Etwa als Tagesbett mit Stauraum in Form eines Bettkastens oder mit Schubladen, um Decken und Kissen unterzubringen. Unter der Liegefl\u00e4che der Einzelfl\u00e4che befindet sich ein zweites Bettgestell mit Lattenrost, das sich dank Rollen ausziehen l\u00e4sst. So verwandelt sich ein Einzelbett bei Bedarf in ein Doppelbett. Einige Ausf\u00fchrungen haben nach dem Ausziehen verschiedene H\u00f6hen und bieten dann kein Doppelbett, sondern zwei Einzelbetten als Schlafst\u00e4tte. Besonders f\u00fcr Jugend- und Kinderzimmer ist diese Variante beliebt, da f\u00fcr ein Sofa und ein Bett im selben Zimmer oft kein Platz ist. \u00dcbernachtungsg\u00e4ste finden so einen Schlafplatz.<\/p>\n\n\n\n<h2 class=\"wp-block-heading\" id=\"h-tagesbett-zum-ausklappen\">Tagesbett zum Ausklappen<\/h2>\n\n\n<div class=\"wp-block-image\">\n<figure class=\"aligncenter\"><img decoding=\"async\" width=\"1024\" height=\"500\" src=\"https:\/\/storage.googleapis.com\/bett1-328410-infoportal-prod-de\/2021\/03\/bett1_tagesbett_ausklappbar.jpg\" alt=\"Foto: Ein schwarzes Tagesbett zum Ausklappen auf Dielenboden.\" class=\"wp-image-25123\" srcset=\"https:\/\/static.bett1.de\/2021\/03\/bett1_tagesbett_ausklappbar.jpg 1024w, https:\/\/static.bett1.de\/2021\/03\/bett1_tagesbett_ausklappbar-300x146.jpg 300w, https:\/\/static.bett1.de\/2021\/03\/bett1_tagesbett_ausklappbar-768x375.jpg 768w\" sizes=\"(max-width: 1024px) 100vw, 1024px\" \/><\/figure>\n<\/div>\n\n\n<p>Eine andere Bauweise sind Modelle zum Ausklappen. Hier lassen sich zwei verschiedene Ausf\u00fchrungen unterscheiden. Die erste gleicht einer Tagesbank, kann jedoch auch als Doppelbett verwendet werden, weil sie ausklappbar ist. In diesem Fall besteht das Sofabett aus zwei nicht miteinander vern\u00e4hten Matratzen, die separat genutzt werden k\u00f6nnen und im nicht erweiterten Zustand aufeinander liegen. Die Sitz- oder Liegefl\u00e4che der Einzelliege wird beim Umbauen nicht gedreht, sodass die Oberseite als Fl\u00e4che zum Schlafen und Sitzen dient.<\/p>\n\n\n\n<p>Die zweite Variante kommt seltener vor. Sie besteht aus zwei Schaumstofffl\u00e4chen, von denen eine die R\u00fcckenlehne bildet und die andere die Sitz- oder Liegefl\u00e4che. Durch das Klappen der R\u00fcckenlehne nach unten kann das Sofabett zu einem Doppelbett umgewandelt werden.<\/p>\n\n\n\n<h2 class=\"wp-block-heading\" id=\"h-kann-ein-tagesbett-wie-ein-bett-funktionieren\">Kann ein Tagesbett wie ein Bett funktionieren?<\/h2>\n\n\n\n<p>Nimmt man das M\u00f6belst\u00fcck Tagesbett wortw\u00f6rtlich, impliziert es eine funktionsf\u00e4hige Alternative zu einem Bett. Doch ist das wirklich so? Ein <a href=\"https:\/\/www.bett1.de\/infoportal\/glossar\/bett-individueller-erholungsort\">komfortables Bett<\/a> besteht aus einer vollwertigen Matratze und einem starren oder federnden Lattenrost. Es hat eine Funktion: einen Schlafort zu gew\u00e4hrleisten.<\/p>\n\n\n\n<p>M\u00f6bel mit Sitzfunktion sind immer anders gebaut als Schlafl\u00f6sungen. W\u00e4hrend Sessel meist gewellte Federn aus Stahldraht, sogenannte Nosagefedern, aufweisen, besitzen Betten Lattenroste aus Querleisten. Ein Tagesbett kann darum selten wie ein Bett funktionieren.<\/p>\n\n\n\n<p>So unterschiedlich Sofabetten auch sind, haben alle ein weiteres Problem. Durch die platzsparende Multifunktionalit\u00e4t vereint die Bauweise Sitz- und Liegefl\u00e4che, was zu Komfortabstrichen f\u00fchrt. Sie liegen bzw. sitzen folglich auf der Fl\u00e4che, auf der Sie auch schlafen, wodurch sich Lattenrost und Matratze schneller abnutzen. Je nach Ausf\u00fchrung ist ein Tagesbett zudem relativ schmal und kann schlichtweg unbequem werden.<\/p>\n\n\n<div class=\"wp-block-image\">\n<figure class=\"aligncenter\"><img decoding=\"async\" width=\"1024\" height=\"500\" src=\"https:\/\/storage.googleapis.com\/bett1-328410-infoportal-prod-de\/2021\/03\/bett1_tagesbett_mittagsschlaf.jpg\" alt=\"Foto: Nahaufnahme eines hochgelegten Beins auf einem Tagesbett, das ein gro\u00dfes Kissen als R\u00fcckenlehne hat.\" class=\"wp-image-25124\" srcset=\"https:\/\/static.bett1.de\/2021\/03\/bett1_tagesbett_mittagsschlaf.jpg 1024w, https:\/\/static.bett1.de\/2021\/03\/bett1_tagesbett_mittagsschlaf-300x146.jpg 300w, https:\/\/static.bett1.de\/2021\/03\/bett1_tagesbett_mittagsschlaf-768x375.jpg 768w\" sizes=\"(max-width: 1024px) 100vw, 1024px\" \/><\/figure>\n<\/div>\n\n\n<p>Besonders viel Liegekomfort b\u00fc\u00dfen Tagesb\u00e4nke ein. Diesen fehlt eine Matratze, meist sogar ein Lattenrost. Modelle mit gestapelten Matratzen k\u00f6nnen sich ebenso als unbequem entpuppen, denn die untenliegende Matratze des ausgezogenen Gestells ist meist sehr d\u00fcnn. Je nach Matratzenart kann es im schlechtesten Fall sogar zu Sch\u00e4den an der Matratze kommen, etwa bei <a href=\"https:\/\/www.bett1.de\/federkernmatratze\">Federkernmatratzen<\/a>,&nbsp;die einen relativ starren Metallkern besitzen.<\/p>\n\n\n\n<div class=\"cat_container cat_container_option_dark \">\n<figure><a href=\"https:\/\/www.bett1.de\/produkte\/bodyguard-anti-kartell-matratze\"><img decoding=\"async\" class=\"cat_image\" src=\"https:\/\/storage.googleapis.com\/bett1-328410-infoportal-prod-de\/2020\/12\/bett1_produkt_breit_bodyguard_matratze_kern.jpg\" alt=\"Der Schaumstoffkern der BODYGUARD\u00ae Anti-Kartell-Matratze\"><\/a><\/figure><p><\/p>\n<div class=\"cat_bouton cat_bouton_option_left cat_bouton_option_red\">\n<p>Matratze f\u00fcrs Tagesbett kaufen<\/p>\n<\/div>\n<\/div>\n\n\n\n<p>Ein Tagesbett zum Ausziehen besitzt im besten Fall einen guten Lattenrost und &#8211; je nach Erwerb &#8211; eine hochwertige Matratze. Ein ausziehbares Sofabett ist demnach einem herk\u00f6mmlichen Bett nachempfunden und kann erholsamen Schlaf garantieren, nutzt sich bei einer multifunktionalen Verwendung als Sitzfl\u00e4che jedoch etwas schneller ab.<\/p>\n","protected":false},"excerpt":{"rendered":"<p>Als Mischform aus Sofa und Bett ist ein Tagesbett eine schmale Alternative zu einem Schlafsofa. Es gilt einerseits als M\u00f6belst\u00fcck, das f\u00fcr den kurzen Mittagsschlaf w\u00e4hrend des Tages gedacht ist, aber auch als Sitzgelegenheit oder \u00dcbernachtungsm\u00f6glichkeit f\u00fcr spontane G\u00e4ste eingesetzt werden kann. Andererseits findet ein Tagesbett oft auf engstem Raum Verwendung, um Platz zu sparen. [&hellip;]<\/p>\n","protected":false},"author":46,"featured_media":25154,"comment_status":"closed","ping_status":"closed","sticky":false,"template":"","format":"standard","meta":{"_acf_changed":false,"footnotes":""},"categories":[2],"tags":[2946,9347,9372],"class_list":["post-24758","post","type-post","status-publish","format-standard","has-post-thumbnail","hentry","category-glossar","tag-mittagsschlaf","tag-schlafsofa","tag-tagesbett"],"acf":[],"yoast_head":"<!-- This site is optimized with the Yoast SEO Premium plugin v26.8 (Yoast SEO v26.9-RC2) - https:\/\/yoast.com\/product\/yoast-seo-premium-wordpress\/ -->\n<title>Das Tagesbett: Kreuzung aus Bett und Sofa - Wir sind Matratze<\/title>\n<meta name=\"description\" content=\"F\u00fcr wen eignet sich ein Tagesbett? I Worin unterscheiden sich Tagesbetten von Schlafsofas? I Tagesbett zum Ausziehen, Tagesbank, Tagesbett zum Ausklappen\" \/>\n<meta name=\"robots\" content=\"index, follow, max-snippet:-1, max-image-preview:large, max-video-preview:-1\" \/>\n<link rel=\"canonical\" href=\"https:\/\/www.bett1.de\/infoportal\/glossar\/tagesbett-bett-sofa\/\" \/>\n<meta property=\"og:locale\" content=\"de_DE\" \/>\n<meta property=\"og:type\" content=\"article\" \/>\n<meta property=\"og:title\" content=\"Das Tagesbett: Kreuzung aus Bett und Sofa\" \/>\n<meta property=\"og:description\" content=\"F\u00fcr wen eignet sich ein Tagesbett? I Worin unterscheiden sich Tagesbetten von Schlafsofas? I Tagesbett zum Ausziehen, Tagesbank, Tagesbett zum Ausklappen\" \/>\n<meta property=\"og:url\" content=\"https:\/\/www.bett1.de\/infoportal\/glossar\/tagesbett-bett-sofa\" \/>\n<meta property=\"og:site_name\" content=\"Wir sind Matratze\" \/>\n<meta property=\"article:publisher\" content=\"https:\/\/www.facebook.com\/bett1.de\" \/>\n<meta property=\"article:published_time\" content=\"2021-03-18T10:00:41+00:00\" \/>\n<meta property=\"article:modified_time\" content=\"2025-04-07T14:32:11+00:00\" \/>\n<meta property=\"og:image\" content=\"https:\/\/static.bett1.de\/2021\/03\/bett1_tagesbett_header.png\" \/>\n\t<meta property=\"og:image:width\" content=\"1260\" \/>\n\t<meta property=\"og:image:height\" content=\"690\" \/>\n\t<meta property=\"og:image:type\" content=\"image\/png\" \/>\n<meta name=\"author\" content=\"Wenke Bruchm\u00fcller\" \/>\n<script type=\"application\/ld+json\" class=\"yoast-schema-graph\">{\"@context\":\"https:\/\/schema.org\",\"@graph\":[{\"@type\":\"Article\",\"@id\":\"https:\/\/www.bett1.de\/infoportal\/glossar\/tagesbett-bett-sofa#article\",\"isPartOf\":{\"@id\":\"https:\/\/www.bett1.de\/infoportal\/glossar\/tagesbett-bett-sofa\"},\"author\":{\"name\":\"Wenke Bruchm\u00fcller\",\"@id\":\"https:\/\/www.bett1.de\/infoportal\/#\/schema\/person\/deae26a815adeb89e379603f78f55ca5\"},\"headline\":\"Das Tagesbett: Kreuzung aus Bett und Sofa\",\"datePublished\":\"2021-03-18T10:00:41+00:00\",\"dateModified\":\"2025-04-07T14:32:11+00:00\",\"mainEntityOfPage\":{\"@id\":\"https:\/\/www.bett1.de\/infoportal\/glossar\/tagesbett-bett-sofa\"},\"wordCount\":1023,\"image\":{\"@id\":\"https:\/\/www.bett1.de\/infoportal\/glossar\/tagesbett-bett-sofa#primaryimage\"},\"thumbnailUrl\":\"https:\/\/static.bett1.de\/2021\/03\/bett1_tagesbett_header.png\",\"keywords\":[\"Mittagsschlaf\",\"Schlafsofa\",\"tagesbett\"],\"articleSection\":[\"Glossar\"],\"inLanguage\":\"de-DE\"},{\"@type\":\"WebPage\",\"@id\":\"https:\/\/www.bett1.de\/infoportal\/glossar\/tagesbett-bett-sofa\",\"url\":\"https:\/\/www.bett1.de\/infoportal\/glossar\/tagesbett-bett-sofa\",\"name\":\"Das Tagesbett: Kreuzung aus Bett und Sofa - Wir sind Matratze\",\"isPartOf\":{\"@id\":\"https:\/\/www.bett1.de\/infoportal\/#website\"},\"primaryImageOfPage\":{\"@id\":\"https:\/\/www.bett1.de\/infoportal\/glossar\/tagesbett-bett-sofa#primaryimage\"},\"image\":{\"@id\":\"https:\/\/www.bett1.de\/infoportal\/glossar\/tagesbett-bett-sofa#primaryimage\"},\"thumbnailUrl\":\"https:\/\/static.bett1.de\/2021\/03\/bett1_tagesbett_header.png\",\"datePublished\":\"2021-03-18T10:00:41+00:00\",\"dateModified\":\"2025-04-07T14:32:11+00:00\",\"author\":{\"@id\":\"https:\/\/www.bett1.de\/infoportal\/#\/schema\/person\/deae26a815adeb89e379603f78f55ca5\"},\"description\":\"F\u00fcr wen eignet sich ein Tagesbett? I Worin unterscheiden sich Tagesbetten von Schlafsofas? I Tagesbett zum Ausziehen, Tagesbank, Tagesbett zum Ausklappen\",\"breadcrumb\":{\"@id\":\"https:\/\/www.bett1.de\/infoportal\/glossar\/tagesbett-bett-sofa#breadcrumb\"},\"inLanguage\":\"de-DE\",\"potentialAction\":[{\"@type\":\"ReadAction\",\"target\":[\"https:\/\/www.bett1.de\/infoportal\/glossar\/tagesbett-bett-sofa\"]}]},{\"@type\":\"ImageObject\",\"inLanguage\":\"de-DE\",\"@id\":\"https:\/\/www.bett1.de\/infoportal\/glossar\/tagesbett-bett-sofa#primaryimage\",\"url\":\"https:\/\/static.bett1.de\/2021\/03\/bett1_tagesbett_header.png\",\"contentUrl\":\"https:\/\/static.bett1.de\/2021\/03\/bett1_tagesbett_header.png\",\"width\":1260,\"height\":690,\"caption\":\"Illustration: Ein Tagesbett mit rundem Nackenkissen\"},{\"@type\":\"BreadcrumbList\",\"@id\":\"https:\/\/www.bett1.de\/infoportal\/glossar\/tagesbett-bett-sofa#breadcrumb\",\"itemListElement\":[{\"@type\":\"ListItem\",\"position\":1,\"name\":\"Startseite\",\"item\":\"https:\/\/www.bett1.de\/infoportal\"},{\"@type\":\"ListItem\",\"position\":2,\"name\":\"Das Tagesbett: Kreuzung aus Bett und Sofa\"}]},{\"@type\":\"WebSite\",\"@id\":\"https:\/\/www.bett1.de\/infoportal\/#website\",\"url\":\"https:\/\/www.bett1.de\/infoportal\/\",\"name\":\"bett1.de\/infoportal\",\"description\":\"Das Infoportal von bett1.de\",\"potentialAction\":[{\"@type\":\"SearchAction\",\"target\":{\"@type\":\"EntryPoint\",\"urlTemplate\":\"https:\/\/www.bett1.de\/infoportal\/?s={search_term_string}\"},\"query-input\":{\"@type\":\"PropertyValueSpecification\",\"valueRequired\":true,\"valueName\":\"search_term_string\"}}],\"inLanguage\":\"de-DE\"},{\"@type\":\"Person\",\"@id\":\"https:\/\/www.bett1.de\/infoportal\/#\/schema\/person\/deae26a815adeb89e379603f78f55ca5\",\"name\":\"Wenke Bruchm\u00fcller\"}]}<\/script>\n<!-- \/ Yoast SEO Premium plugin. -->","yoast_head_json":{"title":"Das Tagesbett: Kreuzung aus Bett und Sofa - Wir sind Matratze","description":"F\u00fcr wen eignet sich ein Tagesbett? I Worin unterscheiden sich Tagesbetten von Schlafsofas? I Tagesbett zum Ausziehen, Tagesbank, Tagesbett zum Ausklappen","robots":{"index":"index","follow":"follow","max-snippet":"max-snippet:-1","max-image-preview":"max-image-preview:large","max-video-preview":"max-video-preview:-1"},"canonical":"https:\/\/www.bett1.de\/infoportal\/glossar\/tagesbett-bett-sofa\/","og_locale":"de_DE","og_type":"article","og_title":"Das Tagesbett: Kreuzung aus Bett und Sofa","og_description":"F\u00fcr wen eignet sich ein Tagesbett? I Worin unterscheiden sich Tagesbetten von Schlafsofas? I Tagesbett zum Ausziehen, Tagesbank, Tagesbett zum Ausklappen","og_url":"https:\/\/www.bett1.de\/infoportal\/glossar\/tagesbett-bett-sofa","og_site_name":"Wir sind Matratze","article_publisher":"https:\/\/www.facebook.com\/bett1.de","article_published_time":"2021-03-18T10:00:41+00:00","article_modified_time":"2025-04-07T14:32:11+00:00","og_image":[{"width":1260,"height":690,"url":"https:\/\/static.bett1.de\/2021\/03\/bett1_tagesbett_header.png","type":"image\/png"}],"author":"Wenke Bruchm\u00fcller","schema":{"@context":"https:\/\/schema.org","@graph":[{"@type":"Article","@id":"https:\/\/www.bett1.de\/infoportal\/glossar\/tagesbett-bett-sofa#article","isPartOf":{"@id":"https:\/\/www.bett1.de\/infoportal\/glossar\/tagesbett-bett-sofa"},"author":{"name":"Wenke Bruchm\u00fcller","@id":"https:\/\/www.bett1.de\/infoportal\/#\/schema\/person\/deae26a815adeb89e379603f78f55ca5"},"headline":"Das Tagesbett: Kreuzung aus Bett und Sofa","datePublished":"2021-03-18T10:00:41+00:00","dateModified":"2025-04-07T14:32:11+00:00","mainEntityOfPage":{"@id":"https:\/\/www.bett1.de\/infoportal\/glossar\/tagesbett-bett-sofa"},"wordCount":1023,"image":{"@id":"https:\/\/www.bett1.de\/infoportal\/glossar\/tagesbett-bett-sofa#primaryimage"},"thumbnailUrl":"https:\/\/static.bett1.de\/2021\/03\/bett1_tagesbett_header.png","keywords":["Mittagsschlaf","Schlafsofa","tagesbett"],"articleSection":["Glossar"],"inLanguage":"de-DE"},{"@type":"WebPage","@id":"https:\/\/www.bett1.de\/infoportal\/glossar\/tagesbett-bett-sofa","url":"https:\/\/www.bett1.de\/infoportal\/glossar\/tagesbett-bett-sofa","name":"Das Tagesbett: Kreuzung aus Bett und Sofa - Wir sind Matratze","isPartOf":{"@id":"https:\/\/www.bett1.de\/infoportal\/#website"},"primaryImageOfPage":{"@id":"https:\/\/www.bett1.de\/infoportal\/glossar\/tagesbett-bett-sofa#primaryimage"},"image":{"@id":"https:\/\/www.bett1.de\/infoportal\/glossar\/tagesbett-bett-sofa#primaryimage"},"thumbnailUrl":"https:\/\/static.bett1.de\/2021\/03\/bett1_tagesbett_header.png","datePublished":"2021-03-18T10:00:41+00:00","dateModified":"2025-04-07T14:32:11+00:00","author":{"@id":"https:\/\/www.bett1.de\/infoportal\/#\/schema\/person\/deae26a815adeb89e379603f78f55ca5"},"description":"F\u00fcr wen eignet sich ein Tagesbett? I Worin unterscheiden sich Tagesbetten von Schlafsofas? I Tagesbett zum Ausziehen, Tagesbank, Tagesbett zum Ausklappen","breadcrumb":{"@id":"https:\/\/www.bett1.de\/infoportal\/glossar\/tagesbett-bett-sofa#breadcrumb"},"inLanguage":"de-DE","potentialAction":[{"@type":"ReadAction","target":["https:\/\/www.bett1.de\/infoportal\/glossar\/tagesbett-bett-sofa"]}]},{"@type":"ImageObject","inLanguage":"de-DE","@id":"https:\/\/www.bett1.de\/infoportal\/glossar\/tagesbett-bett-sofa#primaryimage","url":"https:\/\/static.bett1.de\/2021\/03\/bett1_tagesbett_header.png","contentUrl":"https:\/\/static.bett1.de\/2021\/03\/bett1_tagesbett_header.png","width":1260,"height":690,"caption":"Illustration: Ein Tagesbett mit rundem Nackenkissen"},{"@type":"BreadcrumbList","@id":"https:\/\/www.bett1.de\/infoportal\/glossar\/tagesbett-bett-sofa#breadcrumb","itemListElement":[{"@type":"ListItem","position":1,"name":"Startseite","item":"https:\/\/www.bett1.de\/infoportal"},{"@type":"ListItem","position":2,"name":"Das Tagesbett: Kreuzung aus Bett und Sofa"}]},{"@type":"WebSite","@id":"https:\/\/www.bett1.de\/infoportal\/#website","url":"https:\/\/www.bett1.de\/infoportal\/","name":"bett1.de\/infoportal","description":"Das Infoportal von bett1.de","potentialAction":[{"@type":"SearchAction","target":{"@type":"EntryPoint","urlTemplate":"https:\/\/www.bett1.de\/infoportal\/?s={search_term_string}"},"query-input":{"@type":"PropertyValueSpecification","valueRequired":true,"valueName":"search_term_string"}}],"inLanguage":"de-DE"},{"@type":"Person","@id":"https:\/\/www.bett1.de\/infoportal\/#\/schema\/person\/deae26a815adeb89e379603f78f55ca5","name":"Wenke Bruchm\u00fcller"}]}},"_links":{"self":[{"href":"https:\/\/www.bett1.de\/infoportal\/wp-json\/wp\/v2\/posts\/24758","targetHints":{"allow":["GET"]}}],"collection":[{"href":"https:\/\/www.bett1.de\/infoportal\/wp-json\/wp\/v2\/posts"}],"about":[{"href":"https:\/\/www.bett1.de\/infoportal\/wp-json\/wp\/v2\/types\/post"}],"author":[{"embeddable":true,"href":"https:\/\/www.bett1.de\/infoportal\/wp-json\/wp\/v2\/users\/46"}],"replies":[{"embeddable":true,"href":"https:\/\/www.bett1.de\/infoportal\/wp-json\/wp\/v2\/comments?post=24758"}],"version-history":[{"count":67,"href":"https:\/\/www.bett1.de\/infoportal\/wp-json\/wp\/v2\/posts\/24758\/revisions"}],"predecessor-version":[{"id":164880,"href":"https:\/\/www.bett1.de\/infoportal\/wp-json\/wp\/v2\/posts\/24758\/revisions\/164880"}],"wp:featuredmedia":[{"embeddable":true,"href":"https:\/\/www.bett1.de\/infoportal\/wp-json\/wp\/v2\/media\/25154"}],"wp:attachment":[{"href":"https:\/\/www.bett1.de\/infoportal\/wp-json\/wp\/v2\/media?parent=24758"}],"wp:term":[{"taxonomy":"category","embeddable":true,"href":"https:\/\/www.bett1.de\/infoportal\/wp-json\/wp\/v2\/categories?post=24758"},{"taxonomy":"post_tag","embeddable":true,"href":"https:\/\/www.bett1.de\/infoportal\/wp-json\/wp\/v2\/tags?post=24758"}],"curies":[{"name":"wp","href":"https:\/\/api.w.org\/{rel}","templated":true}]}}