{"id":25454,"date":"2021-04-16T11:00:20","date_gmt":"2021-04-16T09:00:20","guid":{"rendered":"https:\/\/www.bett1.de\/infoportal\/?p=25454"},"modified":"2026-02-11T16:14:03","modified_gmt":"2026-02-11T15:14:03","slug":"taschenfederkernmatratze","status":"publish","type":"post","link":"https:\/\/www.bett1.de\/infoportal\/glossar\/taschenfederkernmatratze","title":{"rendered":"Taschenfederkernmatratze \u2013 Luftzug bis unter die Winterdecke"},"content":{"rendered":"\n<p>Die Taschenfederkernmatratze ist eine <a href=\"https:\/\/www.bett1.de\/federkernmatratze\">Federkernmatratze<\/a> mit spezieller und aufw\u00e4ndiger Bauweise. Lohnt dieser zus\u00e4tzliche Aufwand und welchen Unterschied macht ein Taschenfederkern zum herk\u00f6mmlichen Federkern? Das Herzst\u00fcck der Federkernmatratzen ist ihr Kern aus spiralf\u00f6rmigen Stahlfedern. Der gro\u00dfe Hohlraum, in dem der Federkern liegt, ist meist nur mit d\u00fcnnen Schaumschichten umh\u00fcllt. So schl\u00e4fst du im Vergleich zu Schaumstoffmatratzen weitaus k\u00fchler. F\u00fcr Personen, die leicht frieren oder einfach ein durchschnittliches Temperaturempfinden haben, sind Matratzen mit Federkern daher eher nichts. Die Taschenfederkernmatratze ist die beliebteste Federkernmatratze. Ihr wird ein vergleichsweise h\u00f6herer Schlafkomfort nachgesagt als den durchg\u00e4ngigen Federkernen.<\/p>\n\n\n\n<div class=\"wp-block-buttons is-layout-flex wp-block-buttons-is-layout-flex\">\n<div class=\"wp-block-button\"><a class=\"wp-block-button__link wp-element-button\" href=\"https:\/\/www.bett1.de\/produkte\/bodyguard-anti-kartell-matratze\">Jetzt Kaltschaummatratze kaufen<\/a><\/div>\n<\/div>\n\n\n<nav id=\"sommaire-article\"><a href=\"#taschenfederkern-oder-tonnentaschenfederkern\" class=\"title_lvl2\"><span class=\"title_lvl\">1. <\/span>Taschenfederkern oder Tonnentaschenfederkern?<\/a><a href=\"#zur-bauweise-von-taschenfederkernmatratzen\" class=\"title_lvl2\"><span class=\"title_lvl\">2. <\/span>Zur Bauweise von Taschenfederkernmatratzen<\/a><a href=\"#taschenfederkernmatratze-oder-kaltschaummatratze\" class=\"title_lvl2\"><span class=\"title_lvl\">3. <\/span>Taschenfederkernmatratze oder Kaltschaummatratze?<\/a><a href=\"#taschenfederkernmatratze-hohe-luftzirkulation\" class=\"title_lvl2\"><span class=\"title_lvl\">4. <\/span>Taschenfederkernmatratze \u2013 hohe Luftzirkulation<\/a><a href=\"#fuer-wen-ist-die-taschenfederkernmatratze-geeignet\" class=\"title_lvl2\"><span class=\"title_lvl\">5. <\/span>F\u00fcr wen ist die Taschenfederkernmatratze geeignet?<\/a><a href=\"#richtiger-lattenrost-fuer-taschenfederkernmatratzen\" class=\"title_lvl2\"><span class=\"title_lvl\">6. <\/span>Richtiger Lattenrost f\u00fcr Taschenfederkernmatratzen<\/a><a href=\"#wie-hoch-sollte-eine-tonnentaschenfederkern-matratze-sein\" class=\"title_lvl2\"><span class=\"title_lvl\">7. <\/span>Wie hoch sollte eine Tonnentaschenfederkern-Matratze sein?<\/a><a href=\"#nachhaltigkeit-ist-die-taschenfederkernmatratze-recycelbar\" class=\"title_lvl2\"><span class=\"title_lvl\">8. <\/span>Nachhaltigkeit: Ist die Taschenfederkernmatratze recycelbar?<\/a><a href=\"#was-ist-besser-kaltschaummatratze-oder-taschenfederkernmatratze\" class=\"title_lvl2\"><span class=\"title_lvl\">9. <\/span>Was ist besser: Kaltschaummatratze oder Taschenfederkernmatratze?<\/a><\/nav>\n\n\n\n<h2 class=\"wp-block-heading\" id=\"h-taschenfederkern-oder-tonnentaschenfederkern\">Taschenfederkern oder Tonnentaschenfederkern?<\/h2>\n\n\n<div class=\"wp-block-image\">\n<figure class=\"aligncenter\"><img decoding=\"async\" width=\"1024\" height=\"500\" src=\"https:\/\/storage.googleapis.com\/bett1-328410-infoportal-prod-de\/2021\/04\/bett1_taschenfederkernmatratze_federn.png\" alt=\"Foto vom Kern einer Taschenfederkernmatratze: In Reihen aufgestellte Federn einzeln in Stofftaschen vern\u00e4ht.\" class=\"wp-image-25979\" srcset=\"https:\/\/static.bett1.de\/2021\/04\/bett1_taschenfederkernmatratze_federn.png 1024w, https:\/\/static.bett1.de\/2021\/04\/bett1_taschenfederkernmatratze_federn-300x146.png 300w, https:\/\/static.bett1.de\/2021\/04\/bett1_taschenfederkernmatratze_federn-768x375.png 768w\" sizes=\"(max-width: 1024px) 100vw, 1024px\" \/><\/figure>\n<\/div>\n\n\n<p>Der Kern der Taschenfederkernmatratzen besteht aus den namensgebenden typischen Metallfedern. Die Federn der Taschenfederkernmatratzen haben meist eine zylindrische, geradlinige Form. Die Folge ist ein festeres Liegegef\u00fchl im Vergleich zu anderen Federkernarten. Bei einem sogenannten Tonnentaschenfederkern sind die Federn hingegen bauchig, in der Mitte breiter und an den Enden schmaler. Die bauchige Form der Federn im Tonnentaschenfederkern erm\u00f6glicht es den Federn nicht nur nach unten, sondern auch seitlich etwas nachzugeben. Das macht den Tonnentaschenfederkern anpassungsf\u00e4higer \u2013 f\u00fcr unterschiedliche K\u00f6rperformen und verstellbare Lattenroste.<\/p>\n\n\n\n<div class=\"wp-block-columns is-layout-flex wp-container-core-columns-is-layout-9d6595d7 wp-block-columns-is-layout-flex\">\n<div class=\"wp-block-column is-layout-flow wp-block-column-is-layout-flow\" style=\"flex-basis:100%\">\n<div class=\"wp-block-columns is-layout-flex wp-container-core-columns-is-layout-9d6595d7 wp-block-columns-is-layout-flex\">\n<div class=\"wp-block-column is-layout-flow wp-block-column-is-layout-flow\" style=\"flex-basis:100%\">\n<div class=\"wp-block-group\"><div class=\"wp-block-group__inner-container is-layout-constrained wp-block-group-is-layout-constrained\">\n<figure class=\"wp-block-table\"><table class=\"has-fixed-layout\"><tbody><tr><td><\/td><td><strong>Taschenfederkern<\/strong><\/td><td><strong>Tonnentaschenfederkern<\/strong><\/td><\/tr><tr><td><strong>Federn<\/strong><\/td><td>gerade<\/td><td>bauchig<\/td><\/tr><tr><td><strong>Elastizit\u00e4t<\/strong><\/td><td>steigt mit Federanzahl<\/td><td>h\u00f6her<\/td><\/tr><tr><td><strong>Preis<\/strong><\/td><td>g\u00fcnstiger<\/td><td>kostenintensiver<\/td><\/tr><tr><td><strong>Eignung<\/strong><\/td><td>preisbewusste Personen<br><br>Personen, die nicht schnell frieren<\/td><td>Personen, die nicht schnell frieren<br><br>h\u00f6henverstellbare und elektrische Lattenroste <\/td><\/tr><\/tbody><\/table><\/figure>\n<\/div><\/div>\n<\/div>\n<\/div>\n<\/div>\n<\/div>\n\n\n\n<h2 class=\"wp-block-heading\" id=\"h-zur-bauweise-von-taschenfederkernmatratzen\">Zur Bauweise von Taschenfederkernmatratzen<\/h2>\n\n\n\n<p>Die Form der einzeln in die Taschen gen\u00e4hten Federn bestimmt, ob es eine Taschenfederkern-Matratze oder ein Tonnentaschenfederkern ist. Die Anzahl der Federn entscheidet \u00fcber die Qualit\u00e4t und die F\u00e4higkeit gezielt auf Druckeinwirkung zu reagieren. Die Stofftaschen bestehen in der Regel aus Baumwolle oder Baumwoll-Mischgeweben. Dar\u00fcber liegt eine Schicht aus Vlies oder Baumwollfilz. Diese sch\u00fctzt die dar\u00fcber liegende Polsterschicht vor Sch\u00e4den durch die Spiralfedern. Die Polsterschicht besteht aus einer oder mehreren Lagen Schaumstoff, meistens aus Kalt- oder Gelschaum. Der Bezug bildet die letzte Schicht, die aus verschiedensten Materialien gefertigt sein kann.<\/p>\n\n\n<div class=\"wp-block-image\">\n<figure class=\"aligncenter\"><img decoding=\"async\" width=\"1024\" height=\"510\" src=\"https:\/\/storage.googleapis.com\/bett1-328410-infoportal-prod-de\/2021\/04\/bett1_taschenfederkernmatratze_aufbau.png\" alt=\"Foto vom Innenleben einer Taschenfederkernmatratze: Blick auf die einzelnen Schichten, den Federkern und diverse Flie\u00df- und Schaumauflagen.\" class=\"wp-image-25980\" srcset=\"https:\/\/static.bett1.de\/2021\/04\/bett1_taschenfederkernmatratze_aufbau.png 1024w, https:\/\/static.bett1.de\/2021\/04\/bett1_taschenfederkernmatratze_aufbau-300x149.png 300w, https:\/\/static.bett1.de\/2021\/04\/bett1_taschenfederkernmatratze_aufbau-768x383.png 768w\" sizes=\"(max-width: 1024px) 100vw, 1024px\" \/><\/figure>\n<\/div>\n\n\n<h2 class=\"wp-block-heading\" id=\"h-taschenfederkernmatratze-oder-kaltschaummatratze\">Taschenfederkernmatratze oder Kaltschaummatratze?<\/h2>\n\n\n\n<p>Die Stahlfedern der Taschenfederkernmatratzen sind einzeln in Stofftaschen eingen\u00e4ht. Die Federn sind im Vergleich zu einfachen Federkernmatratzen nicht miteinander verbunden und bewegen sich nicht in Abh\u00e4ngigkeit voneinander. So reagiert ein Taschenfederkern gezielter auf Belastung als ein herk\u00f6mmlicher Federkern. Doch da Federn breiter sind als Schaumporen gibt stets eine gr\u00f6\u00dfere Fl\u00e4che auf einen einwirkenden Druck nach. So ist selbst ein Taschenfederkern mit h\u00f6chstm\u00f6glicher Federanzahl eher fl\u00e4chenelastisch und nicht so punktelastisch, wie etwa eine <a href=\"https:\/\/www.bett1.de\/infoportal\/glossar\/kaltschaummatratze\">Kaltschaummatratze<\/a>. Durch die Taschen werden Ber\u00fchrungen zwischen den Federn ausgeschlossen, was Besch\u00e4digungen und potentielle Ger\u00e4usche mindert. Die Taschen d\u00e4mpfen jedoch nicht das altersbedingte Quietschen einzelner Federn, hier kann nur eine h\u00f6here Schaumschicht helfen.<\/p>\n\n\n\n<div class=\"wp-block-buttons is-layout-flex wp-block-buttons-is-layout-flex\">\n<div class=\"wp-block-button\"><a class=\"wp-block-button__link wp-element-button\" href=\"https:\/\/www.bett1.de\/produkte\/bodyguard-anti-kartell-matratze\">Jetzt Kaltschaummatratze kaufen<\/a><\/div>\n<\/div>\n\n\n\n<h2 class=\"wp-block-heading\" id=\"h-taschenfederkernmatratze-hohe-luftzirkulation\">Taschenfederkernmatratze \u2013 hohe Luftzirkulation<\/h2>\n\n\n\n<p>Dein K\u00f6rper verliert beim Schlafen Schwei\u00df. <a href=\"https:\/\/www.bett1.de\/matratzen\">Deine Matratze<\/a> sollte daf\u00fcr sorgen, dass die verlorene Fl\u00fcssigkeit rasch aufgenommen und verdunstet wird. Je wirksamer sie das kann, desto atmungsaktiver ist sie. Eine gute <a href=\"https:\/\/de.wikipedia.org\/wiki\/Moisture_Vapor_Transmission_Rate\">Atmungsaktivit\u00e4t<\/a> l\u00e4sst dich nicht schwei\u00dfgebadet aufwachen und verhindert Schimmelbildung. Beides kannst du mit einer Matratze erreichen, die eine hohe Luftzirkulation bietet. Eine Taschenfederkernmatratze hat im Inneren einen gro\u00dfz\u00fcgigen Hohlraum. Darin steht die Luft und kann ihre Temperatur nicht an deine K\u00f6rpertemperatur angleichen:<\/p>\n\n\n\n<ul class=\"wp-block-list\">\n<li>W\u00e4rme steigt generell nach oben.  Die Luft in der Matratze wird nicht durch deine K\u00f6rpertemperatur erw\u00e4rmt, sondern k\u00fchlt deinen K\u00f6rper vielmehr von unten aus.<\/li>\n\n\n\n<li>Mit jeder Lagever\u00e4nderung auf der Matratze pumpst du abgek\u00fchlte Luft nach oben hinauf zu dir.<\/li>\n<\/ul>\n\n\n<div class=\"wp-block-image\">\n<figure class=\"aligncenter\"><img decoding=\"async\" width=\"1260\" height=\"690\" src=\"https:\/\/storage.googleapis.com\/bett1-328410-infoportal-prod-de\/2021\/04\/bett1_taschenfederkernmatratze_luftzirkulation.png\" alt=\"Illustration: Eine Taschenfederkernmatratze im Querschnitt. Fokus auf die Bel\u00fcftungsr\u00e4ume zwischen den einzelnen Taschenfedern und in den Einschnitten der Schaumstoffauflage.\" class=\"wp-image-26062\" srcset=\"https:\/\/static.bett1.de\/2021\/04\/bett1_taschenfederkernmatratze_luftzirkulation.png 1260w, https:\/\/static.bett1.de\/2021\/04\/bett1_taschenfederkernmatratze_luftzirkulation-300x164.png 300w, https:\/\/static.bett1.de\/2021\/04\/bett1_taschenfederkernmatratze_luftzirkulation-1024x561.png 1024w, https:\/\/static.bett1.de\/2021\/04\/bett1_taschenfederkernmatratze_luftzirkulation-768x421.png 768w\" sizes=\"(max-width: 1260px) 100vw, 1260px\" \/><\/figure>\n<\/div>\n\n\n<p>Die Atmungsaktivit\u00e4t der Taschenfederkernmatratze ist dank Luftzirkulation zwar hoch, kann aber bereits in einem optimal temperierten Schlafzimmer dazu f\u00fchren, dass sie sich dauerhaft unangenehm kalt anf\u00fchlt. Durch die Beschaffenheit der Matratze ist der ausk\u00fchlenden Wirkung auch kaum durch w\u00e4rmendes Bettzeug beizukommen. So kann es sein, dass du im Winter trotz dicker Bettdecke und kuscheliger Flanell-Bettw\u00e4sche von unten frierst.<\/p>\n\n\n\n<h2 class=\"wp-block-heading\" id=\"h-fur-wen-ist-die-taschenfederkernmatratze-geeignet\">F\u00fcr wen ist die Taschenfederkernmatratze geeignet?<\/h2>\n\n\n\n<p>Eine Federkernmatratze h\u00e4lt die W\u00e4rme nur in sehr geringem Ma\u00dfe und hat eine mechanisch erh\u00f6hte Luftzirkulation. Geh\u00f6rst du zu den Menschen, die stark schwitzen? Dann kann es besser sein, auch im Winter eine Bettdecke mit niedriger W\u00e4rmeklasse zu nutzen und die Temperatur flexibel \u00fcber die Bettw\u00e4sche oder die Raumtemperatur zu regulieren.<\/p>\n\n\n<div class=\"wp-block-image\">\n<figure class=\"aligncenter\"><img decoding=\"async\" width=\"1024\" height=\"500\" src=\"https:\/\/storage.googleapis.com\/bett1-328410-infoportal-prod-de\/2021\/04\/bett1_taschenfederkernmatratze_nachtschweiss.png\" alt=\"Foto: Ausschnitt einer Person. Hals und Dekollet\u00e9 sind schwei\u00dfnass.\" class=\"wp-image-25981\" srcset=\"https:\/\/static.bett1.de\/2021\/04\/bett1_taschenfederkernmatratze_nachtschweiss.png 1024w, https:\/\/static.bett1.de\/2021\/04\/bett1_taschenfederkernmatratze_nachtschweiss-300x146.png 300w, https:\/\/static.bett1.de\/2021\/04\/bett1_taschenfederkernmatratze_nachtschweiss-768x375.png 768w\" sizes=\"(max-width: 1024px) 100vw, 1024px\" \/><\/figure>\n<\/div>\n\n\n<p>Hochwertige Kaltschaummatratzen oder gut konzipierte Latexmatratzen weisen ebenfalls eine gute Luftzirkulation auf \u2013 ohne dich dabei auszuk\u00fchlen. Alles h\u00e4ngt von der Atmungsf\u00e4higkeit des Matratzenkerns ab. Bel\u00fcftungskan\u00e4le in eigentlich d\u00e4mmenden Materialien wie Kaltschaum oder Latex k\u00f6nnen die Atmungsaktivit\u00e4t optimieren. Eine offenporige Struktur des Schaums verbessert ebenfalls die Bel\u00fcftung.<\/p>\n\n\n\n<h2 class=\"wp-block-heading\" id=\"h-richtiger-lattenrost-fur-taschenfederkernmatratzen\">Richtiger Lattenrost f\u00fcr Taschenfederkernmatratzen<\/h2>\n\n\n\n<p>Bei der Anschaffung einer Taschenfederkernmatratze solltest du bedenken, dass deine Matratze einen starren Metallkern hat. <a href=\"https:\/\/www.bett1.de\/lattenroste\">Lattenroste<\/a>, die sich stark in der H\u00f6he verstellen lassen, etwa durch hochklappbare Kopf- und Fu\u00dfteile, k\u00f6nnen die Federn besch\u00e4digen. Einige Tonnentaschenfederkerne sind so gebaut, dass sie die Matratze biegsamer machen. Matratzen mit Bonellfederkern oder die meisten Taschenfederkerne st\u00fctzen und federn jedoch nur bei senkrechten Druckeinwirkungen der darauf liegenden Person. Andere Bewegungen, ausgel\u00f6st durch die Mechanik eines flexiblen Lattenrostes, k\u00f6nnen zum Verkanten, Verbiegen oder gar Zerbrechen f\u00fchren. Die Folge sind Unebenheiten oder im schlechtesten Fall eine Verformung deiner Matratze. Mit einem starren Lattenrost bist du bei einer Federkernmatratze auf der sicheren Seite.<\/p>\n\n\n<div class=\"box grey-box\"><\/p>\n\n\n\n<h2 class=\"wp-block-heading\" id=\"h-wie-hoch-sollte-eine-tonnentaschenfederkern-matratze-sein\">Wie hoch sollte eine Tonnentaschenfederkern-Matratze sein?<\/h2>\n\n\n\n<p>Egal ob Bonellfederkern, Taschenfederkern oder Tonnentaschenfederkern: \u00fcber dem Kern aus Metallfedern sollte eine ausreichende Schicht Schaum liegen. Die Schaumschicht stellt sicher, dass du nicht schon nach kurzer Zeit das unangenehme Gef\u00fchl harter Dr\u00e4hte im R\u00fccken hast. Au\u00dferdem isoliert Schaum und sorgt trotz der sich abk\u00fchlenden Luft in dem Hohlr\u00e4umen zwischen den Federn f\u00fcr etwas wohlige W\u00e4rme in der Nacht. Eine zu geringe Matratzenh\u00f6he unter 25 cm solltest du daher beim Kauf einer Federkernmatratze vermeiden<\/p>\n\n\n\n<h2 class=\"wp-block-heading\" id=\"h-nachhaltigkeit-ist-die-taschenfederkernmatratze-recycelbar\">Nachhaltigkeit: Ist die Taschenfederkernmatratze recycelbar?<\/h2>\n\n\n\n<p>Eine Taschenfederkernmatratze besteht aus mehreren Schichten mit unterschiedlichen Materialien. Prinzipiell ist Altmetall, also die Federn des Matratzenkerns, ein zu 100 % recycelbares Material. Das Vern\u00e4hen in einzelnen Stofftaschen und die oft mit dem Metallkern fest verklebten Schaumschichten machen den Trennaufwand vor dem Recyceln oft so hoch, dass er sich finanziell nicht rechnet. Daher werden die weiteren Materialien h\u00e4ufig nicht getrennt und in den Wertstoffzyklus zur\u00fcckgef\u00fchrt, sondern verbrannt. Am Ende des Verbrennungsprozesses wird ausschlie\u00dflich das unbeschadet daraus hervorgehende Metall entnommen.<\/p>\n\n\n\n<h2 class=\"wp-block-heading\" id=\"h-was-ist-besser-kaltschaummatratze-oder-taschenfederkernmatratze\">Was ist besser: Kaltschaummatratze oder Taschenfederkernmatratze?<\/h2>\n\n\n\n<p>Sch\u00e4ume k\u00f6nnen f\u00fcr unterschiedliche Anspr\u00fcche an einen erholsamen Schlaf gezielt entworfen und verbessert werden. Fortschrittliche Kaltsch\u00e4ume vereinen positive Eigenschaften in puncto Druckempfindlichkeit, Haltbarkeit und Temperaturregulierung. Kaltschaummatratzen k\u00f6nnen so auf dem Gebiet der Ergonomie und Nachhaltigkeit einen echten Vorsprung gegen\u00fcber Taschenfederkernmatratzen behaupten.<\/p>\n\n\n<p><\/div>\n","protected":false},"excerpt":{"rendered":"<p>Die Taschenfederkernmatratze ist eine Federkernmatratze mit spezieller und aufw\u00e4ndiger Bauweise. Lohnt dieser zus\u00e4tzliche Aufwand und welchen Unterschied macht ein Taschenfederkern zum herk\u00f6mmlichen Federkern? Das Herzst\u00fcck der Federkernmatratzen ist ihr Kern aus spiralf\u00f6rmigen Stahlfedern. Der gro\u00dfe Hohlraum, in dem der Federkern liegt, ist meist nur mit d\u00fcnnen Schaumschichten umh\u00fcllt. So schl\u00e4fst du im Vergleich zu Schaumstoffmatratzen [&hellip;]<\/p>\n","protected":false},"author":46,"featured_media":137143,"comment_status":"closed","ping_status":"closed","sticky":false,"template":"","format":"standard","meta":{"_acf_changed":false,"footnotes":""},"categories":[2],"tags":[54,48,78],"class_list":["post-25454","post","type-post","status-publish","format-standard","has-post-thumbnail","hentry","category-glossar","tag-federkernmatratze","tag-kaltschaummatratze","tag-latexmatratze"],"acf":[],"yoast_head":"<!-- This site is optimized with the Yoast SEO Premium plugin v26.8 (Yoast SEO v26.9-RC2) - https:\/\/yoast.com\/product\/yoast-seo-premium-wordpress\/ -->\n<title>Taschenfederkernmatratze oder Tonnentaschenfederkern? bett1.de<\/title>\n<meta name=\"description\" content=\"Kaltschaummatratzen oder Taschenfederkernmatratzen? Vor- und Nachteile | Ist eine Tonnentaschenfederkernmatratze gut?\" \/>\n<meta name=\"robots\" content=\"index, follow, max-snippet:-1, max-image-preview:large, max-video-preview:-1\" \/>\n<link rel=\"canonical\" href=\"https:\/\/www.bett1.de\/infoportal\/glossar\/taschenfederkernmatratze\/\" \/>\n<meta property=\"og:locale\" content=\"de_DE\" \/>\n<meta property=\"og:type\" content=\"article\" \/>\n<meta property=\"og:title\" content=\"Taschenfederkernmatratze \u2013 Luftzug bis unter die Winterdecke\" \/>\n<meta property=\"og:description\" content=\"Kaltschaummatratzen oder Taschenfederkernmatratzen? Vor- und Nachteile | Ist eine Tonnentaschenfederkernmatratze gut?\" \/>\n<meta property=\"og:url\" content=\"https:\/\/www.bett1.de\/infoportal\/glossar\/taschenfederkernmatratze\" \/>\n<meta property=\"og:site_name\" content=\"Wir sind Matratze\" \/>\n<meta property=\"article:publisher\" content=\"https:\/\/www.facebook.com\/bett1.de\" \/>\n<meta property=\"article:published_time\" content=\"2021-04-16T09:00:20+00:00\" \/>\n<meta property=\"article:modified_time\" content=\"2026-02-11T15:14:03+00:00\" \/>\n<meta property=\"og:image\" content=\"https:\/\/static.bett1.de\/2021\/04\/01864729-bett1_taschenfederkernmatratze_header.jpg\" \/>\n\t<meta property=\"og:image:width\" content=\"1260\" \/>\n\t<meta property=\"og:image:height\" content=\"690\" \/>\n\t<meta property=\"og:image:type\" content=\"image\/jpeg\" \/>\n<meta name=\"author\" content=\"Wenke Bruchm\u00fcller\" \/>\n<script type=\"application\/ld+json\" class=\"yoast-schema-graph\">{\"@context\":\"https:\/\/schema.org\",\"@graph\":[{\"@type\":\"Article\",\"@id\":\"https:\/\/www.bett1.de\/infoportal\/glossar\/taschenfederkernmatratze#article\",\"isPartOf\":{\"@id\":\"https:\/\/www.bett1.de\/infoportal\/glossar\/taschenfederkernmatratze\"},\"author\":{\"name\":\"Wenke Bruchm\u00fcller\",\"@id\":\"https:\/\/www.bett1.de\/infoportal\/#\/schema\/person\/deae26a815adeb89e379603f78f55ca5\"},\"headline\":\"Taschenfederkernmatratze \u2013 Luftzug bis unter die Winterdecke\",\"datePublished\":\"2021-04-16T09:00:20+00:00\",\"dateModified\":\"2026-02-11T15:14:03+00:00\",\"mainEntityOfPage\":{\"@id\":\"https:\/\/www.bett1.de\/infoportal\/glossar\/taschenfederkernmatratze\"},\"wordCount\":1129,\"image\":{\"@id\":\"https:\/\/www.bett1.de\/infoportal\/glossar\/taschenfederkernmatratze#primaryimage\"},\"thumbnailUrl\":\"https:\/\/static.bett1.de\/2021\/04\/01864729-bett1_taschenfederkernmatratze_header.jpg\",\"keywords\":[\"Federkernmatratze\",\"Kaltschaummatratze\",\"Latexmatratze\"],\"articleSection\":[\"Glossar\"],\"inLanguage\":\"de-DE\"},{\"@type\":\"WebPage\",\"@id\":\"https:\/\/www.bett1.de\/infoportal\/glossar\/taschenfederkernmatratze\",\"url\":\"https:\/\/www.bett1.de\/infoportal\/glossar\/taschenfederkernmatratze\",\"name\":\"Taschenfederkernmatratze oder Tonnentaschenfederkern? bett1.de\",\"isPartOf\":{\"@id\":\"https:\/\/www.bett1.de\/infoportal\/#website\"},\"primaryImageOfPage\":{\"@id\":\"https:\/\/www.bett1.de\/infoportal\/glossar\/taschenfederkernmatratze#primaryimage\"},\"image\":{\"@id\":\"https:\/\/www.bett1.de\/infoportal\/glossar\/taschenfederkernmatratze#primaryimage\"},\"thumbnailUrl\":\"https:\/\/static.bett1.de\/2021\/04\/01864729-bett1_taschenfederkernmatratze_header.jpg\",\"datePublished\":\"2021-04-16T09:00:20+00:00\",\"dateModified\":\"2026-02-11T15:14:03+00:00\",\"author\":{\"@id\":\"https:\/\/www.bett1.de\/infoportal\/#\/schema\/person\/deae26a815adeb89e379603f78f55ca5\"},\"description\":\"Kaltschaummatratzen oder Taschenfederkernmatratzen? Vor- und Nachteile | Ist eine Tonnentaschenfederkernmatratze gut?\",\"breadcrumb\":{\"@id\":\"https:\/\/www.bett1.de\/infoportal\/glossar\/taschenfederkernmatratze#breadcrumb\"},\"inLanguage\":\"de-DE\",\"potentialAction\":[{\"@type\":\"ReadAction\",\"target\":[\"https:\/\/www.bett1.de\/infoportal\/glossar\/taschenfederkernmatratze\"]}]},{\"@type\":\"ImageObject\",\"inLanguage\":\"de-DE\",\"@id\":\"https:\/\/www.bett1.de\/infoportal\/glossar\/taschenfederkernmatratze#primaryimage\",\"url\":\"https:\/\/static.bett1.de\/2021\/04\/01864729-bett1_taschenfederkernmatratze_header.jpg\",\"contentUrl\":\"https:\/\/static.bett1.de\/2021\/04\/01864729-bett1_taschenfederkernmatratze_header.jpg\",\"width\":1260,\"height\":690,\"caption\":\"Illustration einer Taschenfederkernmatratze im Querschnitt.\"},{\"@type\":\"BreadcrumbList\",\"@id\":\"https:\/\/www.bett1.de\/infoportal\/glossar\/taschenfederkernmatratze#breadcrumb\",\"itemListElement\":[{\"@type\":\"ListItem\",\"position\":1,\"name\":\"Startseite\",\"item\":\"https:\/\/www.bett1.de\/infoportal\"},{\"@type\":\"ListItem\",\"position\":2,\"name\":\"Taschenfederkernmatratze \u2013 Luftzug bis unter die Winterdecke\"}]},{\"@type\":\"WebSite\",\"@id\":\"https:\/\/www.bett1.de\/infoportal\/#website\",\"url\":\"https:\/\/www.bett1.de\/infoportal\/\",\"name\":\"bett1.de\/infoportal\",\"description\":\"Das Infoportal von bett1.de\",\"potentialAction\":[{\"@type\":\"SearchAction\",\"target\":{\"@type\":\"EntryPoint\",\"urlTemplate\":\"https:\/\/www.bett1.de\/infoportal\/?s={search_term_string}\"},\"query-input\":{\"@type\":\"PropertyValueSpecification\",\"valueRequired\":true,\"valueName\":\"search_term_string\"}}],\"inLanguage\":\"de-DE\"},{\"@type\":\"Person\",\"@id\":\"https:\/\/www.bett1.de\/infoportal\/#\/schema\/person\/deae26a815adeb89e379603f78f55ca5\",\"name\":\"Wenke Bruchm\u00fcller\"}]}<\/script>\n<!-- \/ Yoast SEO Premium plugin. -->","yoast_head_json":{"title":"Taschenfederkernmatratze oder Tonnentaschenfederkern? bett1.de","description":"Kaltschaummatratzen oder Taschenfederkernmatratzen? Vor- und Nachteile | Ist eine Tonnentaschenfederkernmatratze gut?","robots":{"index":"index","follow":"follow","max-snippet":"max-snippet:-1","max-image-preview":"max-image-preview:large","max-video-preview":"max-video-preview:-1"},"canonical":"https:\/\/www.bett1.de\/infoportal\/glossar\/taschenfederkernmatratze\/","og_locale":"de_DE","og_type":"article","og_title":"Taschenfederkernmatratze \u2013 Luftzug bis unter die Winterdecke","og_description":"Kaltschaummatratzen oder Taschenfederkernmatratzen? Vor- und Nachteile | Ist eine Tonnentaschenfederkernmatratze gut?","og_url":"https:\/\/www.bett1.de\/infoportal\/glossar\/taschenfederkernmatratze","og_site_name":"Wir sind Matratze","article_publisher":"https:\/\/www.facebook.com\/bett1.de","article_published_time":"2021-04-16T09:00:20+00:00","article_modified_time":"2026-02-11T15:14:03+00:00","og_image":[{"width":1260,"height":690,"url":"https:\/\/static.bett1.de\/2021\/04\/01864729-bett1_taschenfederkernmatratze_header.jpg","type":"image\/jpeg"}],"author":"Wenke Bruchm\u00fcller","schema":{"@context":"https:\/\/schema.org","@graph":[{"@type":"Article","@id":"https:\/\/www.bett1.de\/infoportal\/glossar\/taschenfederkernmatratze#article","isPartOf":{"@id":"https:\/\/www.bett1.de\/infoportal\/glossar\/taschenfederkernmatratze"},"author":{"name":"Wenke Bruchm\u00fcller","@id":"https:\/\/www.bett1.de\/infoportal\/#\/schema\/person\/deae26a815adeb89e379603f78f55ca5"},"headline":"Taschenfederkernmatratze \u2013 Luftzug bis unter die Winterdecke","datePublished":"2021-04-16T09:00:20+00:00","dateModified":"2026-02-11T15:14:03+00:00","mainEntityOfPage":{"@id":"https:\/\/www.bett1.de\/infoportal\/glossar\/taschenfederkernmatratze"},"wordCount":1129,"image":{"@id":"https:\/\/www.bett1.de\/infoportal\/glossar\/taschenfederkernmatratze#primaryimage"},"thumbnailUrl":"https:\/\/static.bett1.de\/2021\/04\/01864729-bett1_taschenfederkernmatratze_header.jpg","keywords":["Federkernmatratze","Kaltschaummatratze","Latexmatratze"],"articleSection":["Glossar"],"inLanguage":"de-DE"},{"@type":"WebPage","@id":"https:\/\/www.bett1.de\/infoportal\/glossar\/taschenfederkernmatratze","url":"https:\/\/www.bett1.de\/infoportal\/glossar\/taschenfederkernmatratze","name":"Taschenfederkernmatratze oder Tonnentaschenfederkern? bett1.de","isPartOf":{"@id":"https:\/\/www.bett1.de\/infoportal\/#website"},"primaryImageOfPage":{"@id":"https:\/\/www.bett1.de\/infoportal\/glossar\/taschenfederkernmatratze#primaryimage"},"image":{"@id":"https:\/\/www.bett1.de\/infoportal\/glossar\/taschenfederkernmatratze#primaryimage"},"thumbnailUrl":"https:\/\/static.bett1.de\/2021\/04\/01864729-bett1_taschenfederkernmatratze_header.jpg","datePublished":"2021-04-16T09:00:20+00:00","dateModified":"2026-02-11T15:14:03+00:00","author":{"@id":"https:\/\/www.bett1.de\/infoportal\/#\/schema\/person\/deae26a815adeb89e379603f78f55ca5"},"description":"Kaltschaummatratzen oder Taschenfederkernmatratzen? Vor- und Nachteile | Ist eine Tonnentaschenfederkernmatratze gut?","breadcrumb":{"@id":"https:\/\/www.bett1.de\/infoportal\/glossar\/taschenfederkernmatratze#breadcrumb"},"inLanguage":"de-DE","potentialAction":[{"@type":"ReadAction","target":["https:\/\/www.bett1.de\/infoportal\/glossar\/taschenfederkernmatratze"]}]},{"@type":"ImageObject","inLanguage":"de-DE","@id":"https:\/\/www.bett1.de\/infoportal\/glossar\/taschenfederkernmatratze#primaryimage","url":"https:\/\/static.bett1.de\/2021\/04\/01864729-bett1_taschenfederkernmatratze_header.jpg","contentUrl":"https:\/\/static.bett1.de\/2021\/04\/01864729-bett1_taschenfederkernmatratze_header.jpg","width":1260,"height":690,"caption":"Illustration einer Taschenfederkernmatratze im Querschnitt."},{"@type":"BreadcrumbList","@id":"https:\/\/www.bett1.de\/infoportal\/glossar\/taschenfederkernmatratze#breadcrumb","itemListElement":[{"@type":"ListItem","position":1,"name":"Startseite","item":"https:\/\/www.bett1.de\/infoportal"},{"@type":"ListItem","position":2,"name":"Taschenfederkernmatratze \u2013 Luftzug bis unter die Winterdecke"}]},{"@type":"WebSite","@id":"https:\/\/www.bett1.de\/infoportal\/#website","url":"https:\/\/www.bett1.de\/infoportal\/","name":"bett1.de\/infoportal","description":"Das Infoportal von bett1.de","potentialAction":[{"@type":"SearchAction","target":{"@type":"EntryPoint","urlTemplate":"https:\/\/www.bett1.de\/infoportal\/?s={search_term_string}"},"query-input":{"@type":"PropertyValueSpecification","valueRequired":true,"valueName":"search_term_string"}}],"inLanguage":"de-DE"},{"@type":"Person","@id":"https:\/\/www.bett1.de\/infoportal\/#\/schema\/person\/deae26a815adeb89e379603f78f55ca5","name":"Wenke Bruchm\u00fcller"}]}},"_links":{"self":[{"href":"https:\/\/www.bett1.de\/infoportal\/wp-json\/wp\/v2\/posts\/25454","targetHints":{"allow":["GET"]}}],"collection":[{"href":"https:\/\/www.bett1.de\/infoportal\/wp-json\/wp\/v2\/posts"}],"about":[{"href":"https:\/\/www.bett1.de\/infoportal\/wp-json\/wp\/v2\/types\/post"}],"author":[{"embeddable":true,"href":"https:\/\/www.bett1.de\/infoportal\/wp-json\/wp\/v2\/users\/46"}],"replies":[{"embeddable":true,"href":"https:\/\/www.bett1.de\/infoportal\/wp-json\/wp\/v2\/comments?post=25454"}],"version-history":[{"count":65,"href":"https:\/\/www.bett1.de\/infoportal\/wp-json\/wp\/v2\/posts\/25454\/revisions"}],"predecessor-version":[{"id":165905,"href":"https:\/\/www.bett1.de\/infoportal\/wp-json\/wp\/v2\/posts\/25454\/revisions\/165905"}],"wp:featuredmedia":[{"embeddable":true,"href":"https:\/\/www.bett1.de\/infoportal\/wp-json\/wp\/v2\/media\/137143"}],"wp:attachment":[{"href":"https:\/\/www.bett1.de\/infoportal\/wp-json\/wp\/v2\/media?parent=25454"}],"wp:term":[{"taxonomy":"category","embeddable":true,"href":"https:\/\/www.bett1.de\/infoportal\/wp-json\/wp\/v2\/categories?post=25454"},{"taxonomy":"post_tag","embeddable":true,"href":"https:\/\/www.bett1.de\/infoportal\/wp-json\/wp\/v2\/tags?post=25454"}],"curies":[{"name":"wp","href":"https:\/\/api.w.org\/{rel}","templated":true}]}}