{"id":28027,"date":"2021-10-22T10:22:36","date_gmt":"2021-10-22T08:22:36","guid":{"rendered":"https:\/\/www.bett1.de\/infoportal\/?p=28027"},"modified":"2025-12-19T10:52:26","modified_gmt":"2025-12-19T09:52:26","slug":"babykissen-kinderkissen","status":"publish","type":"post","link":"https:\/\/www.bett1.de\/infoportal\/ratgeber\/babykissen-kinderkissen","title":{"rendered":"Babykissen und Kinderkissen \u2013 welches Kissen f\u00fcr welchen Kopf?"},"content":{"rendered":"\n<p>Babykissen sollten m\u00f6glichst flach sein, damit der verh\u00e4ltnism\u00e4\u00dfig kleine Kopf darauf gebettet ist und nicht darin versinkt. Babykopfkissen sind zudem kleiner als <a href=\"https:\/\/www.bett1.de\/kissen\">Kopfkissen f\u00fcr Erwachsene<\/a>. Die g\u00e4ngige Gr\u00f6\u00dfe ist das Babykissen 40&#215;60 cm. Wie bei allen Produkten, mit denen Kinder langen und engen K\u00f6rperkontakt haben, sollten Sie besonders auf deren Hautvertr\u00e4glichkeit achten.<\/p>\n\n\n<nav id=\"sommaire-article\"><a href=\"#welches-kinderkissen-fuer-welches-alter\" class=\"title_lvl2\"><span class=\"title_lvl\">1. <\/span>Welches Kinderkissen f\u00fcr welches Alter?<\/a><a href=\"#babykissen-gegen-plattkopf-ausnahme-von-der-regel\" class=\"title_lvl2\"><span class=\"title_lvl\">2. <\/span>Babykissen gegen Plattkopf \u2013 Ausnahme von der Regel?<\/a><a href=\"#praevention-und-therapie-statt-kissen-gegen-plattkopf\" class=\"title_lvl2\"><span class=\"title_lvl\">3. <\/span>Pr\u00e4vention und Therapie statt Kissen gegen Plattkopf<\/a><a href=\"#lagerungskissen-statt-plattkopf-kissen\" class=\"title_lvl3\"><span class=\"title_lvl\">3.1. <\/span>Lagerungskissen statt Plattkopf-Kissen<\/a><a href=\"#welches-kopfkissen-fuer-welches-alter\" class=\"title_lvl2\"><span class=\"title_lvl\">4. <\/span>Welches Kopfkissen f\u00fcr welches Alter?<\/a><a href=\"#ab-wann-brauchen-babys-ein-kissen\" class=\"title_lvl2\"><span class=\"title_lvl\">5. <\/span>Ab wann brauchen Babys ein Kissen?<\/a><a href=\"#welche-kissen-sind-fuer-kinder-geeignet\" class=\"title_lvl2\"><span class=\"title_lvl\">6. <\/span>Welche Kissen sind f\u00fcr Kinder geeignet?<\/a><\/nav>\n\n\n\n<h2 class=\"wp-block-heading\" id=\"h-welches-kinderkissen-fur-welches-alter\">Welches Kinderkissen f\u00fcr welches Alter?<\/h2>\n\n\n\n<figure class=\"wp-block-image\"><img decoding=\"async\" width=\"1024\" height=\"600\" src=\"https:\/\/storage.googleapis.com\/bett1-328410-infoportal-prod-de\/2021\/10\/bett1_babykissen_ohne_kissen.jpg\" alt=\"Foto: Ein Baby auf einem sehr flachen Babykissen liegt auf der Seite, den einen Arm \u00fcber den Bettrand h\u00e4ngend.\" class=\"wp-image-28290\" srcset=\"https:\/\/static.bett1.de\/2021\/10\/bett1_babykissen_ohne_kissen.jpg 1024w, https:\/\/static.bett1.de\/2021\/10\/bett1_babykissen_ohne_kissen-300x176.jpg 300w, https:\/\/static.bett1.de\/2021\/10\/bett1_babykissen_ohne_kissen-768x450.jpg 768w\" sizes=\"(max-width: 1024px) 100vw, 1024px\" \/><\/figure>\n\n\n\n<p>Das wichtigste zuerst: Babykissen geh\u00f6ren mindestens im ersten Lebensjahr nicht ins <a href=\"https:\/\/www.bett1.de\/infoportal\/glossar\/kinderbett\">Kinderbett<\/a>. Ab wann ein Kinderkissen genutzt werden kann und sollte, da scheiden sich die Expertenmeinungen. Der <a href=\"https:\/\/www.kinderaerzte-im-netz.de\/news-archiv\/meldung\/bettdecke-und-kissen-erst-ab-dem-dritten-lebensjahr\/\">Berufsverband der Kinder- und Jugend\u00e4rzte r\u00e4t bis zum dritten Lebensjahr<\/a>&nbsp;zum <a href=\"https:\/\/www.bett1.de\/infoportal\/ratgeber\/babyschlafsack-winterschlafsack-baby\" target=\"_blank\" rel=\"noopener\">Babyschlafsack<\/a>&nbsp;statt <a href=\"https:\/\/www.bett1.de\/infoportal\/ratgeber\/kinderdecke-babydecke-kinderwagendecke-kinderbettdecke\">Kinderdecke<\/a>&nbsp;und Babykissen. Der Hintergrund ist die Risikominimierung f\u00fcr Atemr\u00fcckstau. Babykissen k\u00f6nnen urs\u00e4chlich f\u00fcr eine Verdeckung der Atemwege sein, die im schlimmsten Fall zum Ersticken des Kindes f\u00fchren kann. Aus orthop\u00e4discher Sicht wird nach Ausformung der <a href=\"https:\/\/www.bett1.de\/infoportal\/glossar\/die-wirbelsaeule-rueckgrat-der-menschheit\">Wirbels\u00e4ule<\/a>&nbsp;manchmal bereits ab dem zweiten Lebensjahr ein Babykopfkissen empfohlen. Sp\u00e4testens nach vollendetem zweiten Lebensjahr k\u00f6nnen Sie eine leichte Decke und ein flaches Babykissen verwenden.<\/p>\n\n\n\n<h2 class=\"wp-block-heading\" id=\"h-babykissen-gegen-plattkopf-ausnahme-von-der-regel\">Babykissen gegen Plattkopf \u2013 Ausnahme von der Regel?<\/h2>\n\n\n\n<figure class=\"wp-block-image\"><img decoding=\"async\" width=\"1024\" height=\"600\" src=\"https:\/\/storage.googleapis.com\/bett1-328410-infoportal-prod-de\/2021\/10\/bett1_babykissen_flachkopf_Plagiozephalie.jpg\" alt=\"Foto: Ein Babykopf dessen Form von einem gepunkteten Helm, der oben offen ist, fixiert wird.\" class=\"wp-image-28292\" srcset=\"https:\/\/static.bett1.de\/2021\/10\/bett1_babykissen_flachkopf_Plagiozephalie.jpg 1024w, https:\/\/static.bett1.de\/2021\/10\/bett1_babykissen_flachkopf_Plagiozephalie-300x176.jpg 300w, https:\/\/static.bett1.de\/2021\/10\/bett1_babykissen_flachkopf_Plagiozephalie-768x450.jpg 768w\" sizes=\"(max-width: 1024px) 100vw, 1024px\" \/><\/figure>\n\n\n\n<p>Seit Etablierung der R\u00fcckenlage als Pr\u00e4vention gegen den pl\u00f6tzlichen Kindstod haben die Kopfverformungen bei Babys und Kleinkindern zugenommen. W\u00e4hrend einige Verformungen beim Kinderkopf haupts\u00e4chlich eine kosmetische Erscheinung darstellen, wie ein abgeflachter Hinterkopf oder Schiefstand der Ohren, k\u00f6nnen auch medizinische Probleme durch eine Kopfverformung entstehen. So rufen einige Sch\u00e4deldeformit\u00e4ten Haltungsasymmetrien hervor oder verst\u00e4rken diese. In einigen F\u00e4llen werden Kieferfehlstellungen als Folgen beschrieben, der Zusammenhang ist jedoch nicht eindeutig belegt. Auch kosmetische Probleme, wie Kopfdellen, Ohrenschiefstand oder ein auff\u00e4llig platter Hinterkopf, k\u00f6nnen gerade w\u00e4hrend der Schulzeit Angriffspunkte f\u00fcr Mobbing bieten. Einige Kissenhersteller versuchen aus den Sorgen der Eltern Profit zu schlagen und vertreiben Babykissen gegen Plattkopf. Deren Wirkung ist jedoch nicht nachgewiesen. Generell ist die Nutzung eines solchen Plattkopf-Kissen eher nicht zu empfehlen. Da Kopfverformungen in der Regel lagerungsbedingt sind, sollte auch zun\u00e4chst auf diesem Wege gegengesteuert werden.<\/p>\n\n\n\n<h2 class=\"wp-block-heading\" id=\"h-pravention-und-therapie-statt-kissen-gegen-plattkopf\">Pr\u00e4vention und Therapie statt Kissen gegen Plattkopf<\/h2>\n\n\n\n<figure class=\"wp-block-image\"><img decoding=\"async\" width=\"1024\" height=\"600\" src=\"https:\/\/storage.googleapis.com\/bett1-328410-infoportal-prod-de\/2021\/10\/bett1_babykissen_positionswechsel_legung.jpg\" alt=\"Foto: Eine Person von hinten. Ein Babykopf ist gegen die Schulter der Person gest\u00fctzt, die Hand des Erwachsenen h\u00e4lt den Hinterkopf. Die Babyhand greift in den Stoff des Shirts an der Schulter.\" class=\"wp-image-28293\" srcset=\"https:\/\/static.bett1.de\/2021\/10\/bett1_babykissen_positionswechsel_legung.jpg 1024w, https:\/\/static.bett1.de\/2021\/10\/bett1_babykissen_positionswechsel_legung-300x176.jpg 300w, https:\/\/static.bett1.de\/2021\/10\/bett1_babykissen_positionswechsel_legung-768x450.jpg 768w\" sizes=\"(max-width: 1024px) 100vw, 1024px\" \/><\/figure>\n\n\n\n<p>Durch eine ausgeglichene Lagerung lassen sich Verformungen des Babykopfes im ersten Lebensjahr ausgleichen. Bestenfalls entstehen sie durch ausgeglichene gleichm\u00e4\u00dfige Lagewechsel des S\u00e4uglings gar nicht. Um dem pl\u00f6tzlichen Kindstod vorzubeugen, ist w\u00e4hrend des Nachtschlafs der Eltern die R\u00fcckenlage beim Kind zu empfehlen. W\u00e4hrend der Schlafenszeiten am Tage und beim Liegen im Kinderwagen oder auch beim F\u00fcttern sollten Sie darauf achten, das Kind in Seitenlage regelm\u00e4\u00dfig wechselnd zu lagern.<\/p>\n\n\n\n<h3 class=\"wp-block-heading\" id=\"h-lagerungskissen-statt-plattkopf-kissen\"><a id=\"Plattkopf-Kissen\" class=\"anchor\"><\/a>Lagerungskissen statt Plattkopf-Kissen<\/h3>\n\n\n\n<figure class=\"wp-block-image\"><img decoding=\"async\" width=\"1024\" height=\"600\" src=\"https:\/\/storage.googleapis.com\/bett1-328410-infoportal-prod-de\/2021\/10\/bett1_babykissen_seitenschlaeferkissen.jpg\" alt=\"Foto: Ein Baby schl\u00e4ft in R\u00fcckenlage, die H\u00e4ndchen neben dem Gesicht. Um das Kind ist ein langes Stillkissen gelegt.\" class=\"wp-image-28294\" srcset=\"https:\/\/static.bett1.de\/2021\/10\/bett1_babykissen_seitenschlaeferkissen.jpg 1024w, https:\/\/static.bett1.de\/2021\/10\/bett1_babykissen_seitenschlaeferkissen-300x176.jpg 300w, https:\/\/static.bett1.de\/2021\/10\/bett1_babykissen_seitenschlaeferkissen-768x450.jpg 768w\" sizes=\"(max-width: 1024px) 100vw, 1024px\" \/><\/figure>\n\n\n\n<p>F\u00fcr eine sichere Seitenlage sind Lagerungskissen eine gute Wahl. Diese Babykissen bestehen meist aus einer Rolle und einem <a href=\"https:\/\/www.bett1.de\/infoportal\/ratgeber\/keilkissen\">Keilkissen<\/a>, die miteinander verbunden sind, um nicht auseinanderzurutschen. Die Rolle stabilisiert den R\u00fccken des Kindes und ein kleineres, oft keilf\u00f6rmiges Kissen wird vor den Bauch gelegt oder ein St\u00fcck darunter geschoben und verhindert, dass das <a data-type=\"post\" data-id=\"58944\" href=\"https:\/\/www.bett1.de\/infoportal\/ratgeber\/baby-auf-dem-bauch-schlafen-gefahren-der-bauchlage-beim-kind\">Baby in die Bauchlage<\/a> rollt. Den st\u00fctzenden Effekt k\u00f6nnen Sie auch mit entsprechend geformten Handt\u00fcchern erzielen. Diese k\u00f6nnen allerdings verrutschen, sobald das Kind mobiler ist. Lagerungskissen bzw. Seitenschl\u00e4ferkissen f\u00fcr Babys und der regelm\u00e4\u00dfige Lagewechsel sind eine weitaus wirksamere und sichere Methode im Gegensatz zu fragw\u00fcrdigen Plattkopf-Kissen.<\/p>\n\n\n<div class=\"box grey-box\"><\/p>\n\n\n\n<h2 class=\"wp-block-heading\">Welches Kopfkissen f\u00fcr welches Alter?<\/h2>\n\n\n\n<p>Bis zum Alter von drei Jahren r\u00e4t die Kindermedizin von einem Kinderkopfkissen und auch einer Bettdecke ab. Neugeborene, S\u00e4uglinge und Babys sollten bis dahin <a href=\"https:\/\/www.bett1.de\/infoportal\/ratgeber\/ohne-kissen-schlafen-vorteile-nachteile\">ohne Kissen schlafen<\/a>. Danach k\u00f6nnen sie ein flaches Babykissen verwenden, in das der Kopf nicht zu tief einsinkt. Je nach Gr\u00f6\u00dfe und Schwere des Kindes, aber auch nach Bed\u00fcrfnis in Sachen Kissenh\u00f6he, kann sp\u00e4ter ein gem\u00fctliches Kinderkissen verwendet werden.<\/p>\n\n\n\n<h2 class=\"wp-block-heading\">Ab wann brauchen Babys ein Kissen?<\/h2>\n\n\n\n<p>Babys sollten in den ersten zwei Lebensjahren keine Kissen verwenden. Aus orthop\u00e4discher Sicht ist <a href=\"https:\/\/www.bett1.de\/kissen\">ein Kissen<\/a> bis zur vollkommen ausgebildeten <a href=\"https:\/\/www.bett1.de\/infoportal\/glossar\/die-wirbelsaeule-rueckgrat-der-menschheit\">Doppel-S-Form der Wirbels\u00e4ule<\/a> auch nicht n\u00f6tig.<\/p>\n\n\n\n<h2 class=\"wp-block-heading\">Welche Kissen sind f\u00fcr Kinder geeignet?<\/h2>\n\n\n\n<p>Babykissen und Kinderkissen sollten in der ersten Zeit vor allem eher flach sein, damit der Kopf nicht zu tief einsinkt. Die Gr\u00f6\u00dfe sollte h\u00f6chstens die H\u00e4lfte eines Kissens f\u00fcr Erwachsene betragen. G\u00e4ngig ist das Babykissen 40&#215;60 cm.<\/p>\n\n\n<p><\/div>\n","protected":false},"excerpt":{"rendered":"<p>Babykissen sollten m\u00f6glichst flach sein, damit der verh\u00e4ltnism\u00e4\u00dfig kleine Kopf darauf gebettet ist und nicht darin versinkt. Babykopfkissen sind zudem kleiner als Kopfkissen f\u00fcr Erwachsene. Die g\u00e4ngige Gr\u00f6\u00dfe ist das Babykissen 40&#215;60 cm. Wie bei allen Produkten, mit denen Kinder langen und engen K\u00f6rperkontakt haben, sollten Sie besonders auf deren Hautvertr\u00e4glichkeit achten. Welches Kinderkissen f\u00fcr [&hellip;]<\/p>\n","protected":false},"author":2,"featured_media":28289,"comment_status":"closed","ping_status":"closed","sticky":false,"template":"","format":"standard","meta":{"_acf_changed":false,"footnotes":""},"categories":[3],"tags":[4473,9412,9413],"class_list":["post-28027","post","type-post","status-publish","format-standard","has-post-thumbnail","hentry","category-ratgeber","tag-baby-schlaf","tag-babykissen","tag-kinderkissen"],"acf":[],"yoast_head":"<!-- This site is optimized with the Yoast SEO Premium plugin v26.8 (Yoast SEO v26.9-RC2) - https:\/\/yoast.com\/product\/yoast-seo-premium-wordpress\/ -->\n<title>Babykissen und Kinderkissen \u2013 welches Kissen f\u00fcr welchen Kopf? - Wir sind Matratze<\/title>\n<meta name=\"description\" content=\"Babykissen: Ab wann brauchen Babys ein Kissen? Kinderkissen: Welche Kissen sind geeignet? Plattkopf-Kissen oder Lagerungskissen f\u00fcr Babys und Kleinkinder?\" \/>\n<meta name=\"robots\" content=\"index, follow, max-snippet:-1, max-image-preview:large, max-video-preview:-1\" \/>\n<link rel=\"canonical\" href=\"https:\/\/www.bett1.de\/infoportal\/ratgeber\/babykissen-kinderkissen\/\" \/>\n<meta property=\"og:locale\" content=\"de_DE\" \/>\n<meta property=\"og:type\" content=\"article\" \/>\n<meta property=\"og:title\" content=\"Babykissen und Kinderkissen \u2013 welches Kissen f\u00fcr welchen Kopf?\" \/>\n<meta property=\"og:description\" content=\"Babykissen: Ab wann brauchen Babys ein Kissen? Kinderkissen: Welche Kissen sind geeignet? Plattkopf-Kissen oder Lagerungskissen f\u00fcr Babys und Kleinkinder?\" \/>\n<meta property=\"og:url\" content=\"https:\/\/www.bett1.de\/infoportal\/ratgeber\/babykissen-kinderkissen\" \/>\n<meta property=\"og:site_name\" content=\"Wir sind Matratze\" \/>\n<meta property=\"article:publisher\" content=\"https:\/\/www.facebook.com\/bett1.de\" \/>\n<meta property=\"article:published_time\" content=\"2021-10-22T08:22:36+00:00\" \/>\n<meta property=\"article:modified_time\" content=\"2025-12-19T09:52:26+00:00\" \/>\n<meta property=\"og:image\" content=\"https:\/\/static.bett1.de\/2021\/10\/bett1-babykissen_header.jpg\" \/>\n\t<meta property=\"og:image:width\" content=\"1260\" \/>\n\t<meta property=\"og:image:height\" content=\"690\" \/>\n\t<meta property=\"og:image:type\" content=\"image\/jpeg\" \/>\n<meta name=\"author\" content=\"Carolin Blasche\" \/>\n<script type=\"application\/ld+json\" class=\"yoast-schema-graph\">{\"@context\":\"https:\/\/schema.org\",\"@graph\":[{\"@type\":\"Article\",\"@id\":\"https:\/\/www.bett1.de\/infoportal\/ratgeber\/babykissen-kinderkissen#article\",\"isPartOf\":{\"@id\":\"https:\/\/www.bett1.de\/infoportal\/ratgeber\/babykissen-kinderkissen\"},\"author\":{\"name\":\"Carolin Blasche\",\"@id\":\"https:\/\/www.bett1.de\/infoportal\/#\/schema\/person\/1efc246899e11d9d04bde15a52f90207\"},\"headline\":\"Babykissen und Kinderkissen \u2013 welches Kissen f\u00fcr welchen Kopf?\",\"datePublished\":\"2021-10-22T08:22:36+00:00\",\"dateModified\":\"2025-12-19T09:52:26+00:00\",\"mainEntityOfPage\":{\"@id\":\"https:\/\/www.bett1.de\/infoportal\/ratgeber\/babykissen-kinderkissen\"},\"wordCount\":714,\"image\":{\"@id\":\"https:\/\/www.bett1.de\/infoportal\/ratgeber\/babykissen-kinderkissen#primaryimage\"},\"thumbnailUrl\":\"https:\/\/static.bett1.de\/2021\/10\/bett1-babykissen_header.jpg\",\"keywords\":[\"Baby-Schlaf\",\"Babykissen\",\"Kinderkissen\"],\"articleSection\":[\"Ratgeber\"],\"inLanguage\":\"de-DE\"},{\"@type\":\"WebPage\",\"@id\":\"https:\/\/www.bett1.de\/infoportal\/ratgeber\/babykissen-kinderkissen\",\"url\":\"https:\/\/www.bett1.de\/infoportal\/ratgeber\/babykissen-kinderkissen\",\"name\":\"Babykissen und Kinderkissen \u2013 welches Kissen f\u00fcr welchen Kopf? - Wir sind Matratze\",\"isPartOf\":{\"@id\":\"https:\/\/www.bett1.de\/infoportal\/#website\"},\"primaryImageOfPage\":{\"@id\":\"https:\/\/www.bett1.de\/infoportal\/ratgeber\/babykissen-kinderkissen#primaryimage\"},\"image\":{\"@id\":\"https:\/\/www.bett1.de\/infoportal\/ratgeber\/babykissen-kinderkissen#primaryimage\"},\"thumbnailUrl\":\"https:\/\/static.bett1.de\/2021\/10\/bett1-babykissen_header.jpg\",\"datePublished\":\"2021-10-22T08:22:36+00:00\",\"dateModified\":\"2025-12-19T09:52:26+00:00\",\"author\":{\"@id\":\"https:\/\/www.bett1.de\/infoportal\/#\/schema\/person\/1efc246899e11d9d04bde15a52f90207\"},\"description\":\"Babykissen: Ab wann brauchen Babys ein Kissen? Kinderkissen: Welche Kissen sind geeignet? Plattkopf-Kissen oder Lagerungskissen f\u00fcr Babys und Kleinkinder?\",\"breadcrumb\":{\"@id\":\"https:\/\/www.bett1.de\/infoportal\/ratgeber\/babykissen-kinderkissen#breadcrumb\"},\"inLanguage\":\"de-DE\",\"potentialAction\":[{\"@type\":\"ReadAction\",\"target\":[\"https:\/\/www.bett1.de\/infoportal\/ratgeber\/babykissen-kinderkissen\"]}]},{\"@type\":\"ImageObject\",\"inLanguage\":\"de-DE\",\"@id\":\"https:\/\/www.bett1.de\/infoportal\/ratgeber\/babykissen-kinderkissen#primaryimage\",\"url\":\"https:\/\/static.bett1.de\/2021\/10\/bett1-babykissen_header.jpg\",\"contentUrl\":\"https:\/\/static.bett1.de\/2021\/10\/bett1-babykissen_header.jpg\",\"width\":1260,\"height\":690,\"caption\":\"Foto: Blick durch die St\u00e4be eines Gitterbettes. Ein Baby ohne Babykissen liegt ausgestreckt auf dem R\u00fccken.\"},{\"@type\":\"BreadcrumbList\",\"@id\":\"https:\/\/www.bett1.de\/infoportal\/ratgeber\/babykissen-kinderkissen#breadcrumb\",\"itemListElement\":[{\"@type\":\"ListItem\",\"position\":1,\"name\":\"Startseite\",\"item\":\"https:\/\/www.bett1.de\/infoportal\"},{\"@type\":\"ListItem\",\"position\":2,\"name\":\"Babykissen und Kinderkissen \u2013 welches Kissen f\u00fcr welchen Kopf?\"}]},{\"@type\":\"WebSite\",\"@id\":\"https:\/\/www.bett1.de\/infoportal\/#website\",\"url\":\"https:\/\/www.bett1.de\/infoportal\/\",\"name\":\"bett1.de\/infoportal\",\"description\":\"Das Infoportal von bett1.de\",\"potentialAction\":[{\"@type\":\"SearchAction\",\"target\":{\"@type\":\"EntryPoint\",\"urlTemplate\":\"https:\/\/www.bett1.de\/infoportal\/?s={search_term_string}\"},\"query-input\":{\"@type\":\"PropertyValueSpecification\",\"valueRequired\":true,\"valueName\":\"search_term_string\"}}],\"inLanguage\":\"de-DE\"},{\"@type\":\"Person\",\"@id\":\"https:\/\/www.bett1.de\/infoportal\/#\/schema\/person\/1efc246899e11d9d04bde15a52f90207\",\"name\":\"Carolin Blasche\"}]}<\/script>\n<!-- \/ Yoast SEO Premium plugin. -->","yoast_head_json":{"title":"Babykissen und Kinderkissen \u2013 welches Kissen f\u00fcr welchen Kopf? - Wir sind Matratze","description":"Babykissen: Ab wann brauchen Babys ein Kissen? Kinderkissen: Welche Kissen sind geeignet? Plattkopf-Kissen oder Lagerungskissen f\u00fcr Babys und Kleinkinder?","robots":{"index":"index","follow":"follow","max-snippet":"max-snippet:-1","max-image-preview":"max-image-preview:large","max-video-preview":"max-video-preview:-1"},"canonical":"https:\/\/www.bett1.de\/infoportal\/ratgeber\/babykissen-kinderkissen\/","og_locale":"de_DE","og_type":"article","og_title":"Babykissen und Kinderkissen \u2013 welches Kissen f\u00fcr welchen Kopf?","og_description":"Babykissen: Ab wann brauchen Babys ein Kissen? Kinderkissen: Welche Kissen sind geeignet? Plattkopf-Kissen oder Lagerungskissen f\u00fcr Babys und Kleinkinder?","og_url":"https:\/\/www.bett1.de\/infoportal\/ratgeber\/babykissen-kinderkissen","og_site_name":"Wir sind Matratze","article_publisher":"https:\/\/www.facebook.com\/bett1.de","article_published_time":"2021-10-22T08:22:36+00:00","article_modified_time":"2025-12-19T09:52:26+00:00","og_image":[{"width":1260,"height":690,"url":"https:\/\/static.bett1.de\/2021\/10\/bett1-babykissen_header.jpg","type":"image\/jpeg"}],"author":"Carolin Blasche","schema":{"@context":"https:\/\/schema.org","@graph":[{"@type":"Article","@id":"https:\/\/www.bett1.de\/infoportal\/ratgeber\/babykissen-kinderkissen#article","isPartOf":{"@id":"https:\/\/www.bett1.de\/infoportal\/ratgeber\/babykissen-kinderkissen"},"author":{"name":"Carolin Blasche","@id":"https:\/\/www.bett1.de\/infoportal\/#\/schema\/person\/1efc246899e11d9d04bde15a52f90207"},"headline":"Babykissen und Kinderkissen \u2013 welches Kissen f\u00fcr welchen Kopf?","datePublished":"2021-10-22T08:22:36+00:00","dateModified":"2025-12-19T09:52:26+00:00","mainEntityOfPage":{"@id":"https:\/\/www.bett1.de\/infoportal\/ratgeber\/babykissen-kinderkissen"},"wordCount":714,"image":{"@id":"https:\/\/www.bett1.de\/infoportal\/ratgeber\/babykissen-kinderkissen#primaryimage"},"thumbnailUrl":"https:\/\/static.bett1.de\/2021\/10\/bett1-babykissen_header.jpg","keywords":["Baby-Schlaf","Babykissen","Kinderkissen"],"articleSection":["Ratgeber"],"inLanguage":"de-DE"},{"@type":"WebPage","@id":"https:\/\/www.bett1.de\/infoportal\/ratgeber\/babykissen-kinderkissen","url":"https:\/\/www.bett1.de\/infoportal\/ratgeber\/babykissen-kinderkissen","name":"Babykissen und Kinderkissen \u2013 welches Kissen f\u00fcr welchen Kopf? - Wir sind Matratze","isPartOf":{"@id":"https:\/\/www.bett1.de\/infoportal\/#website"},"primaryImageOfPage":{"@id":"https:\/\/www.bett1.de\/infoportal\/ratgeber\/babykissen-kinderkissen#primaryimage"},"image":{"@id":"https:\/\/www.bett1.de\/infoportal\/ratgeber\/babykissen-kinderkissen#primaryimage"},"thumbnailUrl":"https:\/\/static.bett1.de\/2021\/10\/bett1-babykissen_header.jpg","datePublished":"2021-10-22T08:22:36+00:00","dateModified":"2025-12-19T09:52:26+00:00","author":{"@id":"https:\/\/www.bett1.de\/infoportal\/#\/schema\/person\/1efc246899e11d9d04bde15a52f90207"},"description":"Babykissen: Ab wann brauchen Babys ein Kissen? Kinderkissen: Welche Kissen sind geeignet? Plattkopf-Kissen oder Lagerungskissen f\u00fcr Babys und Kleinkinder?","breadcrumb":{"@id":"https:\/\/www.bett1.de\/infoportal\/ratgeber\/babykissen-kinderkissen#breadcrumb"},"inLanguage":"de-DE","potentialAction":[{"@type":"ReadAction","target":["https:\/\/www.bett1.de\/infoportal\/ratgeber\/babykissen-kinderkissen"]}]},{"@type":"ImageObject","inLanguage":"de-DE","@id":"https:\/\/www.bett1.de\/infoportal\/ratgeber\/babykissen-kinderkissen#primaryimage","url":"https:\/\/static.bett1.de\/2021\/10\/bett1-babykissen_header.jpg","contentUrl":"https:\/\/static.bett1.de\/2021\/10\/bett1-babykissen_header.jpg","width":1260,"height":690,"caption":"Foto: Blick durch die St\u00e4be eines Gitterbettes. Ein Baby ohne Babykissen liegt ausgestreckt auf dem R\u00fccken."},{"@type":"BreadcrumbList","@id":"https:\/\/www.bett1.de\/infoportal\/ratgeber\/babykissen-kinderkissen#breadcrumb","itemListElement":[{"@type":"ListItem","position":1,"name":"Startseite","item":"https:\/\/www.bett1.de\/infoportal"},{"@type":"ListItem","position":2,"name":"Babykissen und Kinderkissen \u2013 welches Kissen f\u00fcr welchen Kopf?"}]},{"@type":"WebSite","@id":"https:\/\/www.bett1.de\/infoportal\/#website","url":"https:\/\/www.bett1.de\/infoportal\/","name":"bett1.de\/infoportal","description":"Das Infoportal von bett1.de","potentialAction":[{"@type":"SearchAction","target":{"@type":"EntryPoint","urlTemplate":"https:\/\/www.bett1.de\/infoportal\/?s={search_term_string}"},"query-input":{"@type":"PropertyValueSpecification","valueRequired":true,"valueName":"search_term_string"}}],"inLanguage":"de-DE"},{"@type":"Person","@id":"https:\/\/www.bett1.de\/infoportal\/#\/schema\/person\/1efc246899e11d9d04bde15a52f90207","name":"Carolin Blasche"}]}},"_links":{"self":[{"href":"https:\/\/www.bett1.de\/infoportal\/wp-json\/wp\/v2\/posts\/28027","targetHints":{"allow":["GET"]}}],"collection":[{"href":"https:\/\/www.bett1.de\/infoportal\/wp-json\/wp\/v2\/posts"}],"about":[{"href":"https:\/\/www.bett1.de\/infoportal\/wp-json\/wp\/v2\/types\/post"}],"author":[{"embeddable":true,"href":"https:\/\/www.bett1.de\/infoportal\/wp-json\/wp\/v2\/users\/2"}],"replies":[{"embeddable":true,"href":"https:\/\/www.bett1.de\/infoportal\/wp-json\/wp\/v2\/comments?post=28027"}],"version-history":[{"count":31,"href":"https:\/\/www.bett1.de\/infoportal\/wp-json\/wp\/v2\/posts\/28027\/revisions"}],"predecessor-version":[{"id":165809,"href":"https:\/\/www.bett1.de\/infoportal\/wp-json\/wp\/v2\/posts\/28027\/revisions\/165809"}],"wp:featuredmedia":[{"embeddable":true,"href":"https:\/\/www.bett1.de\/infoportal\/wp-json\/wp\/v2\/media\/28289"}],"wp:attachment":[{"href":"https:\/\/www.bett1.de\/infoportal\/wp-json\/wp\/v2\/media?parent=28027"}],"wp:term":[{"taxonomy":"category","embeddable":true,"href":"https:\/\/www.bett1.de\/infoportal\/wp-json\/wp\/v2\/categories?post=28027"},{"taxonomy":"post_tag","embeddable":true,"href":"https:\/\/www.bett1.de\/infoportal\/wp-json\/wp\/v2\/tags?post=28027"}],"curies":[{"name":"wp","href":"https:\/\/api.w.org\/{rel}","templated":true}]}}