{"id":58619,"date":"2023-06-23T09:03:56","date_gmt":"2023-06-23T07:03:56","guid":{"rendered":"https:\/\/www.bett1.de\/infoportal\/?p=58619"},"modified":"2025-07-08T15:38:06","modified_gmt":"2025-07-08T13:38:06","slug":"corona-mudigkeit-symptom-erkrankung-therapie","status":"publish","type":"post","link":"https:\/\/www.bett1.de\/infoportal\/ratgeber\/corona-mudigkeit-symptom-erkrankung-therapie","title":{"rendered":"Corona M\u00fcdigkeit: Symptom, Erkrankung und Therapie"},"content":{"rendered":"\n<p>Die Corona-M\u00fcdigkeit ist ein Ph\u00e4nomen, das \u00fcberaus unterschiedliche Bedeutungen, Ursachen und Folgen f\u00fcr die Einzelperson und die Gesellschaft haben kann. Als Corona-M\u00fcdigkeit werden umgangssprachlich h\u00e4ufige Symptome wie Fatigue und Folgeerkrankungen einer Corona-Infektion bezeichnet, wie das Chronische Ersch\u00f6pfungssyndrom (ME\/CFS). Eine merkbare M\u00fcdigkeit zu Beginn einer Corona-Infektion hingegen kann ein Vorbote f\u00fcr den Verlauf der Erkrankung sein.<\/p>\n\n\n<nav id=\"sommaire-article\"><a href=\"#corona-muedigkeit-chronische-erschoepfung-als-folge-der-infektion\" class=\"title_lvl2\"><span class=\"title_lvl\">1. <\/span>Corona-M\u00fcdigkeit: Chronische Ersch\u00f6pfung als Folge der Infektion<\/a><a href=\"#wie-entsteht-die-corona-muedigkeit\" class=\"title_lvl2\"><span class=\"title_lvl\">2. <\/span>Wie entsteht die Corona-M\u00fcdigkeit?<\/a><a href=\"#was-hilft-gegen-corona-muedigkeit\" class=\"title_lvl2\"><span class=\"title_lvl\">3. <\/span>Was hilft gegen Corona-M\u00fcdigkeit?<\/a><a href=\"#corona-muedigkeit-vorbote\" class=\"title_lvl2\"><span class=\"title_lvl\">4. <\/span>Corona-M\u00fcdigkeit: Vorbote<\/a><a href=\"#etrem-muede-nach-corona-was-ist-mit-mir-los\" class=\"title_lvl2\"><span class=\"title_lvl\">5. <\/span>Extrem m\u00fcde nach Corona, was ist mit mir los?<\/a><a href=\"#wie-lange-bleibt-die-corona-muedigkeit\" class=\"title_lvl2\"><span class=\"title_lvl\">6. <\/span>Wie lange bleibt die Corona-M\u00fcdigkeit?<\/a><a href=\"#was-kann-ich-gegen-die-muedigkeit-nach-corona-machen\" class=\"title_lvl2\"><span class=\"title_lvl\">7. <\/span>Was kann ich gegen die M\u00fcdigkeit nach Corona machen?<\/a><\/nav>\n\n\n\n<h2 class=\"wp-block-heading\" id=\"h-corona-mudigkeit-chronische-erschopfung-als-folge-der-infektion\">Corona-M\u00fcdigkeit: Chronische Ersch\u00f6pfung als Folge der Infektion<\/h2>\n\n\n\n<figure class=\"wp-block-image size-full\"><img decoding=\"async\" width=\"1024\" height=\"600\" src=\"https:\/\/storage.googleapis.com\/bett1-328410-infoportal-prod-de\/2023\/06\/25a43467-bett1_corona_muedigkeit_corona_infektion_test.jpg\" alt=\"Foto: Zwei H\u00e4nde halten eine Covid-19-Test-Kasette. Zwischen Ring- und Mittelfinger der linken Hand klemmt zudem ein Gef\u00e4\u00df mit Testfl\u00fcssigkeit in der der Wattestab f\u00fcr den Abstrich steckt.\" class=\"wp-image-58787\" srcset=\"https:\/\/static.bett1.de\/2023\/06\/25a43467-bett1_corona_muedigkeit_corona_infektion_test.jpg 1024w, https:\/\/static.bett1.de\/2023\/06\/25a43467-bett1_corona_muedigkeit_corona_infektion_test-300x176.jpg 300w, https:\/\/static.bett1.de\/2023\/06\/25a43467-bett1_corona_muedigkeit_corona_infektion_test-768x450.jpg 768w\" sizes=\"(max-width: 1024px) 100vw, 1024px\" \/><\/figure>\n\n\n\n<p>Das Chronische Ersch\u00f6pfungssyndrom, auch Myalgische Enzephalomyelitis oder kurz ME\/CFS genannt, war vor der Corona-Pandemie kaum bekannt und nahezu unerforscht. Die Forschung an dem r\u00e4tselhaften Syndrom steht weiterhin am Anfang. Doch als eine der folgenschwersten und am h\u00e4ufigsten fortbestehenden Nachwirkungen einer Corona-Infektion wurde das Ersch\u00f6pfungssyndrom bekannter. Die Fallzahlen dieser schweren neuro-immunologischen Erkrankung sind durch die Pandemie in die H\u00f6he geschossen und es ist von einer ausgemachten Dunkelziffer auszugehen. Viele Betroffene schaffen es durch eines der namensgebenden Symptome, die <a data-type=\"post\" data-id=\"21953\" href=\"https:\/\/www.bett1.de\/infoportal\/schlafgeschichten\/fatigue-syndrom-cfs-chronisches-erschoepfungssyndrom-long-covid\">Fatigue<\/a>, die sprichw\u00f6rtliche Corona-M\u00fcdigkeit, kaum mehr aus dem Haus, geschweige denn bis ins Ziel eines komplexen <a href=\"https:\/\/www.morgenpost.de\/politik\/article238086501\/fatigue-syndrom-corona-long-covid-pandemie-betroffene-berichtet.html\" target=\"_blank\" rel=\"noreferrer noopener\">\u00c4rztemarathons<\/a>. Die mangelnde Aufkl\u00e4rung \u00fcber und die Akzeptanz f\u00fcr die eigene Erkrankung oder auch eine ausbleibende Diagnose durch medizinisches Fachpersonal tragen ebenfalls zu einer Untererfassung bei. Die Wahrscheinlichkeit selbst zu erkranken, nimmt mit jeder erneuten Infektion zu. Personen mit \u00e4rztlicher oder wissenschaftlicher Expertise bef\u00fcrchten durch zunehmende F\u00e4lle und sinkende Kapazit\u00e4ten einen starken Wandel des Gesundheitssystems und der Gesellschaft, wie wir sie kennen.<\/p>\n\n\n\n<h2 class=\"wp-block-heading\" id=\"h-wie-entsteht-die-corona-mudigkeit\">Wie entsteht die Corona-M\u00fcdigkeit?<\/h2>\n\n\n\n<p>Exzessive oder geh\u00e4uft auftretende M\u00fcdigkeit als Folge von Corona kann mehrere Ursachen haben. Medizinisch betrachtet existiert zur Funktionsweise des Covid19-Virus f\u00fcr die verh\u00e4ltnism\u00e4\u00dfig kurze Zeitspanne seit seinem Auftreten eine vielf\u00e4ltige Studienlage. Zur Tragweite der Langzeitfolgen steht die Forschung naturgem\u00e4\u00df noch an einem fr\u00fchen Punkt. Immer wieder gibt es Beobachtungen dazu, dass das Covid19-Virus \u00e4hnlich dem HI-Virus nach \u00fcberstandener Erkrankung versteckt im menschlichen Organismus \u00fcberdauert, dort aktiv bleibt und unterschiedliche Organe und K\u00f6rpersysteme langfristig besch\u00e4digt. Eine \u00fcberstandene Infektion kann nachhaltig den kompletten Blutkreislauf oder die grundlegende Funktion des Immunsystems beeinflussen. Sowohl ein gest\u00f6rter Blutdruck als auch ein \u00fcberreagierendes oder nicht mehr reaktives Immunsystem schw\u00e4chen den K\u00f6rper derart, dass Phasen der Ersch\u00f6pfung sich h\u00e4ufen.<\/p>\n\n\n<div class=\"wp-block-image\">\n<figure class=\"aligncenter size-full is-resized\"><img decoding=\"async\" width=\"4267\" height=\"16250\" src=\"https:\/\/static.bett1.de\/2025\/01\/72467334-rz_multiorganerkrankung_corona_040523_grafik1_hochformat.jpg\" alt=\"Infografik &quot;Multiorganerkrankung Long Covid: Symptome und Folgeerkrankungen aufgelistet nach Gehirn, Herz, Lunge, Leber, Milz und Nieren, Immunsystem, Bauchspeicheldr\u00fcse, Magen-Darm-Trakt, Fortpflanzungsorgane, Blutgef\u00e4\u00dfe\" class=\"wp-image-164343\" style=\"width:458px;height:auto\"\/><\/figure>\n<\/div>\n\n\n<p>Die Bandbreite der k\u00f6rperlichen Sch\u00e4den durch das Coronavirus ist so vielf\u00e4ltig, dass es die Ursachenforschung zur umgangssprachlichen Corona-M\u00fcdigkeit, die \u00fcberwiegend auf das chronische Ersch\u00f6pfungssyndrom abzielt, nicht erleichtert. Auch organische Sch\u00e4den wie eine durch Covid19 ausgel\u00f6ste Diabetes, die Folgen eines infektionsbedingten Schlaganfalls oder eine eingeschr\u00e4nkte Lungenkapazit\u00e4t k\u00f6nnen zu einem verst\u00e4rkten Gef\u00fchl der M\u00fcdigkeit f\u00fchren.<\/p>\n\n\n\n<h2 class=\"wp-block-heading\" id=\"h-was-hilft-gegen-corona-mudigkeit\">Was hilft gegen Corona-M\u00fcdigkeit?<\/h2>\n\n\n\n<figure class=\"wp-block-image size-full\"><img decoding=\"async\" width=\"1024\" height=\"573\" src=\"https:\/\/storage.googleapis.com\/bett1-328410-infoportal-prod-de\/2023\/06\/c5f990e9-bett1_corona_muedigkeit_pacing_balance.jpg\" alt=\"Foto: Zwei F\u00fc\u00dfe balancieren auf einem Brett, das auf einer Rolle aufliegt.\" class=\"wp-image-58789\" srcset=\"https:\/\/static.bett1.de\/2023\/06\/c5f990e9-bett1_corona_muedigkeit_pacing_balance.jpg 1024w, https:\/\/static.bett1.de\/2023\/06\/c5f990e9-bett1_corona_muedigkeit_pacing_balance-300x168.jpg 300w, https:\/\/static.bett1.de\/2023\/06\/c5f990e9-bett1_corona_muedigkeit_pacing_balance-768x430.jpg 768w\" sizes=\"(max-width: 1024px) 100vw, 1024px\" \/><\/figure>\n\n\n\n<p>Hinsichtlich der Corona-M\u00fcdigkeit muss auch an neuen Therapien geforscht werden. G\u00e4ngige Konzepte der Behandlung wie etwa Belastungstherapien, f\u00fchren bei einer Belastungsintoleranz, wie sie f\u00fcr ME\/CFS typisch ist, zu einer Verschlechterung des Allgemeinzustandes. Hier haben sich neue Behandlungskonzepte wie <a href=\"https:\/\/www.bett1.de\/infoportal\/ratgeber\/pacing-long-covid-mecfs-hilfe\" data-type=\"post\" data-id=\"42576\">Pacing<\/a> bew\u00e4hrt. Betroffene Personen m\u00fcssen einen neuen Umgang mit ihren Energiereserven erlernen und sich in Geduld \u00fcben. Denn wie lange die Corona-M\u00fcdigkeit im Einzelfall anh\u00e4lt und wann der Energiehaushalt wieder zu einem \u201egewohnten\u201c Level zur\u00fcckkehrt, ist \u00fcberaus unterschiedlich. Einige Menschen klagen nur wenige Wochen \u00fcber Folgeerscheinungen der Infektion, bei anderen sind es Monate und wieder andere warten noch, ob Heilung eintritt oder aussichtsreiche Therapien entwickelt werden.<\/p>\n\n\n\n<h2 class=\"wp-block-heading\" id=\"h-corona-mudigkeit-vorbote\">Corona-M\u00fcdigkeit: Vorbote<\/h2>\n\n\n\n<figure class=\"wp-block-image size-full\"><img decoding=\"async\" width=\"1024\" height=\"600\" src=\"https:\/\/storage.googleapis.com\/bett1-328410-infoportal-prod-de\/2023\/06\/475d7b12-bett1_corona_muedigkeit_isolationsstation_krankenhaus.jpg\" alt=\"Foto: In einem Krankenhausbett liegt eine Person mit Sauerstoffmaske. Drumherum steht medizinisches Personal in Schutzkleidung.\" class=\"wp-image-58788\" srcset=\"https:\/\/static.bett1.de\/2023\/06\/475d7b12-bett1_corona_muedigkeit_isolationsstation_krankenhaus.jpg 1024w, https:\/\/static.bett1.de\/2023\/06\/475d7b12-bett1_corona_muedigkeit_isolationsstation_krankenhaus-300x176.jpg 300w, https:\/\/static.bett1.de\/2023\/06\/475d7b12-bett1_corona_muedigkeit_isolationsstation_krankenhaus-768x450.jpg 768w\" sizes=\"(max-width: 1024px) 100vw, 1024px\" \/><\/figure>\n\n\n\n<p>Corona-M\u00fcdigkeit ist nicht nur eine der am h\u00e4ufigsten bleibenden Folgeerscheinung der Covid-Infektion. Tritt zu Beginn der Krankheit eine starke M\u00fcdigkeit auf, kann das Ausblick auf den weiteren Verlauf der Erkrankung und vor allem ihrer Intensit\u00e4t geben. Die Gefahr f\u00fcr einen schweren Verlauf ist mit dieser zu Beginn auftretenden Corona-M\u00fcdigkeit \u2013 je nach Variante \u2013 deutlich erh\u00f6ht.<\/p>\n\n\n\n<p>Versp\u00fcren Sie im Vorfeld oder zu Beginn einer Erkrankung eine massive M\u00fcdigkeit, gehen Sie im folgenden Zeitraum besonders achtsam mit sich um. Schr\u00e4nken Sie sportliche Aktivit\u00e4ten und \u00fcberm\u00e4\u00dfige Bewegung ein, nutzen Sie ein <a href=\"https:\/\/www.bett1.de\/infoportal\/ratgeber\/sauerstoffsaettigung-im-schlaf-pulsoximeter\" data-type=\"post\" data-id=\"26880\">Pulsoximeter<\/a>, um Ihre Sauerstoffs\u00e4ttigung im Blick zu behalten, und testen Sie sich gegebenenfalls auf Covid19. Holen Sie sich fr\u00fchzeitig \u00e4rztlichen Rat.<\/p>\n\n\n<div class=\"box grey-box\"><\/p>\n\n\n\n<h2 class=\"wp-block-heading\" id=\"h-extrem-mude-nach-corona-was-ist-mit-mir-los\">Extrem m\u00fcde nach Corona, was ist mit mir los?<\/h2>\n\n\n\n<p>Sie leiden nach einer Infektion mit dem Corona-Virus an starker M\u00fcdigkeit, die Sie dauerhaft begleitet oder in Sch\u00fcben wortw\u00f6rtlich niederstreckt? Dann hei\u00dft es erst einmal: keine Panik, aber alle Systeme etwas herunterfahren und auf den K\u00f6rper h\u00f6ren. Lassen Sie die Symptome in jedem Fall \u00e4rztlich abkl\u00e4ren und eingehend untersuchen.<\/p>\n\n\n\n<h2 class=\"wp-block-heading\" id=\"h-wie-lange-bleibt-die-corona-mudigkeit\">Wie lange bleibt die Corona-M\u00fcdigkeit?<\/h2>\n\n\n\n<p>Viele Menschen f\u00fchlen sich nach einer Covid19-Infektion dauerhaft m\u00fcde, abgeschlagen oder haben einen stark erh\u00f6hten Schlafbedarf. Wie lange diese einschr\u00e4nkende M\u00fcdigkeit anh\u00e4lt, kann stark variieren zwischen wenigen Wochen, Monate oder auf bisher unabsehbare Zeit. Wichtig ist, dass Sie sich \u00e4rztliche Hilfe suchen, wenn solche Symptome auftreten. Sie sollten nicht ohne \u00e4rztlichen Rat versuchen, auf Krampf zu Ihrer alten Tagesform zur\u00fcckzukehren. Leiden Sie unter einer Belastungsintoleranz, kann jede \u00dcberlastung den Zustand verschlimmern und die Beschwerden chronisch werden lassen.<\/p>\n\n\n\n<h2 class=\"wp-block-heading\" id=\"h-was-kann-ich-gegen-die-mudigkeit-nach-corona-machen\">Was kann ich gegen die M\u00fcdigkeit nach Corona machen?<\/h2>\n\n\n\n<p>Bei anhaltender M\u00fcdigkeit nach einer Corona-Infektion sollten Sie sich \u00e4rztlichen Rat einholen. Die Ursachen k\u00f6nnen unterschiedlich sein. Eine professionelle Therapie richtet sich nach der zugrundeliegenden Folgeerkrankung. Bei organischen Sch\u00e4den k\u00f6nnen entsprechende Medikamente helfen. Wichtig ist, abzukl\u00e4ren, ob eine Belastungsintoleranz vorliegt. In diesem Falle m\u00fcssen Sie mit Ihren Energiereserven langfristig sparsam haushalten. Besonders sportlichen und jungen Menschen f\u00e4llt diese Umstellung schwer, bewahrt aber auf Dauer vor einer chronischen Verschlechterung der Corona-M\u00fcdigkeit.<\/p>\n\n\n<p><\/div>\n","protected":false},"excerpt":{"rendered":"<p>Die Corona-M\u00fcdigkeit ist ein Ph\u00e4nomen, das \u00fcberaus unterschiedliche Bedeutungen, Ursachen und Folgen f\u00fcr die Einzelperson und die Gesellschaft haben kann. Als Corona-M\u00fcdigkeit werden umgangssprachlich h\u00e4ufige Symptome wie Fatigue und Folgeerkrankungen einer Corona-Infektion bezeichnet, wie das Chronische Ersch\u00f6pfungssyndrom (ME\/CFS). Eine merkbare M\u00fcdigkeit zu Beginn einer Corona-Infektion hingegen kann ein Vorbote f\u00fcr den Verlauf der Erkrankung sein. [&hellip;]<\/p>\n","protected":false},"author":2,"featured_media":58778,"comment_status":"closed","ping_status":"closed","sticky":false,"template":"","format":"standard","meta":{"_acf_changed":false,"footnotes":""},"categories":[3],"tags":[8985,8022,9342],"class_list":["post-58619","post","type-post","status-publish","format-standard","has-post-thumbnail","hentry","category-ratgeber","tag-chronische-muedigkeit","tag-corona","tag-fatigue"],"acf":[],"yoast_head":"<!-- This site is optimized with the Yoast SEO Premium plugin v26.8 (Yoast SEO v26.9-RC2) - https:\/\/yoast.com\/product\/yoast-seo-premium-wordpress\/ -->\n<title>Corona-M\u00fcdigkeit: wie lange bleibt die M\u00fcdigkeit nach Infektion \u2013 bett1.de<\/title>\n<meta name=\"description\" content=\"St\u00e4ndig m\u00fcde nach Covid19-Infektion \u2013 wenn die Corona-M\u00fcdigkeit chronisch wird: was tun? Zur\u00fcck ins Leben trotz Fatigue oder ME\/CFS\" \/>\n<meta name=\"robots\" content=\"index, follow, max-snippet:-1, max-image-preview:large, max-video-preview:-1\" \/>\n<link rel=\"canonical\" href=\"https:\/\/www.bett1.de\/infoportal\/ratgeber\/corona-mudigkeit-symptom-erkrankung-therapie\/\" \/>\n<meta property=\"og:locale\" content=\"de_DE\" \/>\n<meta property=\"og:type\" content=\"article\" \/>\n<meta property=\"og:title\" content=\"Corona M\u00fcdigkeit: Symptom, Erkrankung und Therapie\" \/>\n<meta property=\"og:description\" content=\"St\u00e4ndig m\u00fcde nach Covid19-Infektion \u2013 wenn die Corona-M\u00fcdigkeit chronisch wird: was tun? Zur\u00fcck ins Leben trotz Fatigue oder ME\/CFS\" \/>\n<meta property=\"og:url\" content=\"https:\/\/www.bett1.de\/infoportal\/ratgeber\/corona-mudigkeit-symptom-erkrankung-therapie\" \/>\n<meta property=\"og:site_name\" content=\"Wir sind Matratze\" \/>\n<meta property=\"article:publisher\" content=\"https:\/\/www.facebook.com\/bett1.de\" \/>\n<meta property=\"article:published_time\" content=\"2023-06-23T07:03:56+00:00\" \/>\n<meta property=\"article:modified_time\" content=\"2025-07-08T13:38:06+00:00\" \/>\n<meta property=\"og:image\" content=\"https:\/\/static.bett1.de\/2023\/06\/71bbddd8-bett1_corona_muedigkeit_header_1_.jpg\" \/>\n\t<meta property=\"og:image:width\" content=\"1260\" \/>\n\t<meta property=\"og:image:height\" content=\"690\" \/>\n\t<meta property=\"og:image:type\" content=\"image\/jpeg\" \/>\n<meta name=\"author\" content=\"Carolin Blasche\" \/>\n<script type=\"application\/ld+json\" class=\"yoast-schema-graph\">{\"@context\":\"https:\/\/schema.org\",\"@graph\":[{\"@type\":\"Article\",\"@id\":\"https:\/\/www.bett1.de\/infoportal\/ratgeber\/corona-mudigkeit-symptom-erkrankung-therapie#article\",\"isPartOf\":{\"@id\":\"https:\/\/www.bett1.de\/infoportal\/ratgeber\/corona-mudigkeit-symptom-erkrankung-therapie\"},\"author\":{\"name\":\"Carolin Blasche\",\"@id\":\"https:\/\/www.bett1.de\/infoportal\/#\/schema\/person\/1efc246899e11d9d04bde15a52f90207\"},\"headline\":\"Corona M\u00fcdigkeit: Symptom, Erkrankung und Therapie\",\"datePublished\":\"2023-06-23T07:03:56+00:00\",\"dateModified\":\"2025-07-08T13:38:06+00:00\",\"mainEntityOfPage\":{\"@id\":\"https:\/\/www.bett1.de\/infoportal\/ratgeber\/corona-mudigkeit-symptom-erkrankung-therapie\"},\"wordCount\":942,\"image\":{\"@id\":\"https:\/\/www.bett1.de\/infoportal\/ratgeber\/corona-mudigkeit-symptom-erkrankung-therapie#primaryimage\"},\"thumbnailUrl\":\"https:\/\/static.bett1.de\/2023\/06\/71bbddd8-bett1_corona_muedigkeit_header_1_.jpg\",\"keywords\":[\"chronische M\u00fcdigkeit\",\"Corona\",\"fatigue\"],\"articleSection\":[\"Ratgeber\"],\"inLanguage\":\"de-DE\"},{\"@type\":\"WebPage\",\"@id\":\"https:\/\/www.bett1.de\/infoportal\/ratgeber\/corona-mudigkeit-symptom-erkrankung-therapie\",\"url\":\"https:\/\/www.bett1.de\/infoportal\/ratgeber\/corona-mudigkeit-symptom-erkrankung-therapie\",\"name\":\"Corona-M\u00fcdigkeit: wie lange bleibt die M\u00fcdigkeit nach Infektion \u2013 bett1.de\",\"isPartOf\":{\"@id\":\"https:\/\/www.bett1.de\/infoportal\/#website\"},\"primaryImageOfPage\":{\"@id\":\"https:\/\/www.bett1.de\/infoportal\/ratgeber\/corona-mudigkeit-symptom-erkrankung-therapie#primaryimage\"},\"image\":{\"@id\":\"https:\/\/www.bett1.de\/infoportal\/ratgeber\/corona-mudigkeit-symptom-erkrankung-therapie#primaryimage\"},\"thumbnailUrl\":\"https:\/\/static.bett1.de\/2023\/06\/71bbddd8-bett1_corona_muedigkeit_header_1_.jpg\",\"datePublished\":\"2023-06-23T07:03:56+00:00\",\"dateModified\":\"2025-07-08T13:38:06+00:00\",\"author\":{\"@id\":\"https:\/\/www.bett1.de\/infoportal\/#\/schema\/person\/1efc246899e11d9d04bde15a52f90207\"},\"description\":\"St\u00e4ndig m\u00fcde nach Covid19-Infektion \u2013 wenn die Corona-M\u00fcdigkeit chronisch wird: was tun? Zur\u00fcck ins Leben trotz Fatigue oder ME\/CFS\",\"breadcrumb\":{\"@id\":\"https:\/\/www.bett1.de\/infoportal\/ratgeber\/corona-mudigkeit-symptom-erkrankung-therapie#breadcrumb\"},\"inLanguage\":\"de-DE\",\"potentialAction\":[{\"@type\":\"ReadAction\",\"target\":[\"https:\/\/www.bett1.de\/infoportal\/ratgeber\/corona-mudigkeit-symptom-erkrankung-therapie\"]}]},{\"@type\":\"ImageObject\",\"inLanguage\":\"de-DE\",\"@id\":\"https:\/\/www.bett1.de\/infoportal\/ratgeber\/corona-mudigkeit-symptom-erkrankung-therapie#primaryimage\",\"url\":\"https:\/\/static.bett1.de\/2023\/06\/71bbddd8-bett1_corona_muedigkeit_header_1_.jpg\",\"contentUrl\":\"https:\/\/static.bett1.de\/2023\/06\/71bbddd8-bett1_corona_muedigkeit_header_1_.jpg\",\"width\":1260,\"height\":690,\"caption\":\"Foto: Eine Person liegt mit offenen Augen, die ins Leere blicken auf einem Sofa.\"},{\"@type\":\"BreadcrumbList\",\"@id\":\"https:\/\/www.bett1.de\/infoportal\/ratgeber\/corona-mudigkeit-symptom-erkrankung-therapie#breadcrumb\",\"itemListElement\":[{\"@type\":\"ListItem\",\"position\":1,\"name\":\"Startseite\",\"item\":\"https:\/\/www.bett1.de\/infoportal\"},{\"@type\":\"ListItem\",\"position\":2,\"name\":\"Corona M\u00fcdigkeit: Symptom, Erkrankung und Therapie\"}]},{\"@type\":\"WebSite\",\"@id\":\"https:\/\/www.bett1.de\/infoportal\/#website\",\"url\":\"https:\/\/www.bett1.de\/infoportal\/\",\"name\":\"bett1.de\/infoportal\",\"description\":\"Das Infoportal von bett1.de\",\"potentialAction\":[{\"@type\":\"SearchAction\",\"target\":{\"@type\":\"EntryPoint\",\"urlTemplate\":\"https:\/\/www.bett1.de\/infoportal\/?s={search_term_string}\"},\"query-input\":{\"@type\":\"PropertyValueSpecification\",\"valueRequired\":true,\"valueName\":\"search_term_string\"}}],\"inLanguage\":\"de-DE\"},{\"@type\":\"Person\",\"@id\":\"https:\/\/www.bett1.de\/infoportal\/#\/schema\/person\/1efc246899e11d9d04bde15a52f90207\",\"name\":\"Carolin Blasche\"}]}<\/script>\n<!-- \/ Yoast SEO Premium plugin. -->","yoast_head_json":{"title":"Corona-M\u00fcdigkeit: wie lange bleibt die M\u00fcdigkeit nach Infektion \u2013 bett1.de","description":"St\u00e4ndig m\u00fcde nach Covid19-Infektion \u2013 wenn die Corona-M\u00fcdigkeit chronisch wird: was tun? Zur\u00fcck ins Leben trotz Fatigue oder ME\/CFS","robots":{"index":"index","follow":"follow","max-snippet":"max-snippet:-1","max-image-preview":"max-image-preview:large","max-video-preview":"max-video-preview:-1"},"canonical":"https:\/\/www.bett1.de\/infoportal\/ratgeber\/corona-mudigkeit-symptom-erkrankung-therapie\/","og_locale":"de_DE","og_type":"article","og_title":"Corona M\u00fcdigkeit: Symptom, Erkrankung und Therapie","og_description":"St\u00e4ndig m\u00fcde nach Covid19-Infektion \u2013 wenn die Corona-M\u00fcdigkeit chronisch wird: was tun? Zur\u00fcck ins Leben trotz Fatigue oder ME\/CFS","og_url":"https:\/\/www.bett1.de\/infoportal\/ratgeber\/corona-mudigkeit-symptom-erkrankung-therapie","og_site_name":"Wir sind Matratze","article_publisher":"https:\/\/www.facebook.com\/bett1.de","article_published_time":"2023-06-23T07:03:56+00:00","article_modified_time":"2025-07-08T13:38:06+00:00","og_image":[{"width":1260,"height":690,"url":"https:\/\/static.bett1.de\/2023\/06\/71bbddd8-bett1_corona_muedigkeit_header_1_.jpg","type":"image\/jpeg"}],"author":"Carolin Blasche","schema":{"@context":"https:\/\/schema.org","@graph":[{"@type":"Article","@id":"https:\/\/www.bett1.de\/infoportal\/ratgeber\/corona-mudigkeit-symptom-erkrankung-therapie#article","isPartOf":{"@id":"https:\/\/www.bett1.de\/infoportal\/ratgeber\/corona-mudigkeit-symptom-erkrankung-therapie"},"author":{"name":"Carolin Blasche","@id":"https:\/\/www.bett1.de\/infoportal\/#\/schema\/person\/1efc246899e11d9d04bde15a52f90207"},"headline":"Corona M\u00fcdigkeit: Symptom, Erkrankung und Therapie","datePublished":"2023-06-23T07:03:56+00:00","dateModified":"2025-07-08T13:38:06+00:00","mainEntityOfPage":{"@id":"https:\/\/www.bett1.de\/infoportal\/ratgeber\/corona-mudigkeit-symptom-erkrankung-therapie"},"wordCount":942,"image":{"@id":"https:\/\/www.bett1.de\/infoportal\/ratgeber\/corona-mudigkeit-symptom-erkrankung-therapie#primaryimage"},"thumbnailUrl":"https:\/\/static.bett1.de\/2023\/06\/71bbddd8-bett1_corona_muedigkeit_header_1_.jpg","keywords":["chronische M\u00fcdigkeit","Corona","fatigue"],"articleSection":["Ratgeber"],"inLanguage":"de-DE"},{"@type":"WebPage","@id":"https:\/\/www.bett1.de\/infoportal\/ratgeber\/corona-mudigkeit-symptom-erkrankung-therapie","url":"https:\/\/www.bett1.de\/infoportal\/ratgeber\/corona-mudigkeit-symptom-erkrankung-therapie","name":"Corona-M\u00fcdigkeit: wie lange bleibt die M\u00fcdigkeit nach Infektion \u2013 bett1.de","isPartOf":{"@id":"https:\/\/www.bett1.de\/infoportal\/#website"},"primaryImageOfPage":{"@id":"https:\/\/www.bett1.de\/infoportal\/ratgeber\/corona-mudigkeit-symptom-erkrankung-therapie#primaryimage"},"image":{"@id":"https:\/\/www.bett1.de\/infoportal\/ratgeber\/corona-mudigkeit-symptom-erkrankung-therapie#primaryimage"},"thumbnailUrl":"https:\/\/static.bett1.de\/2023\/06\/71bbddd8-bett1_corona_muedigkeit_header_1_.jpg","datePublished":"2023-06-23T07:03:56+00:00","dateModified":"2025-07-08T13:38:06+00:00","author":{"@id":"https:\/\/www.bett1.de\/infoportal\/#\/schema\/person\/1efc246899e11d9d04bde15a52f90207"},"description":"St\u00e4ndig m\u00fcde nach Covid19-Infektion \u2013 wenn die Corona-M\u00fcdigkeit chronisch wird: was tun? Zur\u00fcck ins Leben trotz Fatigue oder ME\/CFS","breadcrumb":{"@id":"https:\/\/www.bett1.de\/infoportal\/ratgeber\/corona-mudigkeit-symptom-erkrankung-therapie#breadcrumb"},"inLanguage":"de-DE","potentialAction":[{"@type":"ReadAction","target":["https:\/\/www.bett1.de\/infoportal\/ratgeber\/corona-mudigkeit-symptom-erkrankung-therapie"]}]},{"@type":"ImageObject","inLanguage":"de-DE","@id":"https:\/\/www.bett1.de\/infoportal\/ratgeber\/corona-mudigkeit-symptom-erkrankung-therapie#primaryimage","url":"https:\/\/static.bett1.de\/2023\/06\/71bbddd8-bett1_corona_muedigkeit_header_1_.jpg","contentUrl":"https:\/\/static.bett1.de\/2023\/06\/71bbddd8-bett1_corona_muedigkeit_header_1_.jpg","width":1260,"height":690,"caption":"Foto: Eine Person liegt mit offenen Augen, die ins Leere blicken auf einem Sofa."},{"@type":"BreadcrumbList","@id":"https:\/\/www.bett1.de\/infoportal\/ratgeber\/corona-mudigkeit-symptom-erkrankung-therapie#breadcrumb","itemListElement":[{"@type":"ListItem","position":1,"name":"Startseite","item":"https:\/\/www.bett1.de\/infoportal"},{"@type":"ListItem","position":2,"name":"Corona M\u00fcdigkeit: Symptom, Erkrankung und Therapie"}]},{"@type":"WebSite","@id":"https:\/\/www.bett1.de\/infoportal\/#website","url":"https:\/\/www.bett1.de\/infoportal\/","name":"bett1.de\/infoportal","description":"Das Infoportal von bett1.de","potentialAction":[{"@type":"SearchAction","target":{"@type":"EntryPoint","urlTemplate":"https:\/\/www.bett1.de\/infoportal\/?s={search_term_string}"},"query-input":{"@type":"PropertyValueSpecification","valueRequired":true,"valueName":"search_term_string"}}],"inLanguage":"de-DE"},{"@type":"Person","@id":"https:\/\/www.bett1.de\/infoportal\/#\/schema\/person\/1efc246899e11d9d04bde15a52f90207","name":"Carolin Blasche"}]}},"_links":{"self":[{"href":"https:\/\/www.bett1.de\/infoportal\/wp-json\/wp\/v2\/posts\/58619","targetHints":{"allow":["GET"]}}],"collection":[{"href":"https:\/\/www.bett1.de\/infoportal\/wp-json\/wp\/v2\/posts"}],"about":[{"href":"https:\/\/www.bett1.de\/infoportal\/wp-json\/wp\/v2\/types\/post"}],"author":[{"embeddable":true,"href":"https:\/\/www.bett1.de\/infoportal\/wp-json\/wp\/v2\/users\/2"}],"replies":[{"embeddable":true,"href":"https:\/\/www.bett1.de\/infoportal\/wp-json\/wp\/v2\/comments?post=58619"}],"version-history":[{"count":32,"href":"https:\/\/www.bett1.de\/infoportal\/wp-json\/wp\/v2\/posts\/58619\/revisions"}],"predecessor-version":[{"id":165289,"href":"https:\/\/www.bett1.de\/infoportal\/wp-json\/wp\/v2\/posts\/58619\/revisions\/165289"}],"wp:featuredmedia":[{"embeddable":true,"href":"https:\/\/www.bett1.de\/infoportal\/wp-json\/wp\/v2\/media\/58778"}],"wp:attachment":[{"href":"https:\/\/www.bett1.de\/infoportal\/wp-json\/wp\/v2\/media?parent=58619"}],"wp:term":[{"taxonomy":"category","embeddable":true,"href":"https:\/\/www.bett1.de\/infoportal\/wp-json\/wp\/v2\/categories?post=58619"},{"taxonomy":"post_tag","embeddable":true,"href":"https:\/\/www.bett1.de\/infoportal\/wp-json\/wp\/v2\/tags?post=58619"}],"curies":[{"name":"wp","href":"https:\/\/api.w.org\/{rel}","templated":true}]}}